{"id":23779,"date":"2023-07-14T18:14:15","date_gmt":"2023-07-14T21:14:15","guid":{"rendered":"https:\/\/chacosintesis.com.ar\/?p=23779"},"modified":"2023-07-14T18:36:51","modified_gmt":"2023-07-14T21:36:51","slug":"imala-pantun-o-tiog-hasta-el-7-de-agosto-se-puede-elegir-el-nombre-del-yaguarete-registrado-en-general-san-martin","status":"publish","type":"post","link":"https:\/\/chacosintesis.com.ar\/index.php\/imala-pantun-o-tiog-hasta-el-7-de-agosto-se-puede-elegir-el-nombre-del-yaguarete-registrado-en-general-san-martin\/","title":{"rendered":"&#8220;Imala&#8221;, &#8220;Pant\u00fan&#8221; o &#8220;Tiog&#8221;: hasta el 7 de agosto se puede elegir el nombre del yaguaret\u00e9 registrado en General San Mart\u00edn"},"content":{"rendered":"<p>Estas son las tres opciones preseleccionadas. La votaci\u00f3n est\u00e1 abierta al p\u00fablico a trav\u00e9s de los sitios <a href=\"http:\/\/www.chaco.gov.ar\">www.chaco.gov.ar<\/a>, <a href=\"http:\/\/www.educaci\">www.educaci<\/a>\u00f3n.chaco.gov.ar y ele.chaco.gob.ar\/. El 8 se expondr\u00e1 la opci\u00f3n ganadora.<br \/>\nAutoridades de los ministerios de Educaci\u00f3n y de Ambiente de la provincia presentaron este viernes una nueva campa\u00f1a para elegir un nombre para el yaguaret\u00e9 registrado por c\u00e1maras trampa a orillas del r\u00edo Bermejo, en la zona del departamento San Mart\u00edn. La iniciativa fue anunciada junto a referentes del proyecto Yaguaret\u00e9 de la asociaci\u00f3n civil Centro de Investigaciones del Bosque Atl\u00e1ntico (CeIBA-CONICET) y del grupo de colaboradores para la conservaci\u00f3n del yaguaret\u00e9.<br \/>\nDesde el Centro Cultural Alternativo de Resistencia (CECUAL), dieron a conocer los tres nombres preseleccionados y sugeridos por ni\u00f1as y ni\u00f1os de 21 escuelas de esa regi\u00f3n como alternativas posibles para identificar a esta especie en peligro de extinci\u00f3n: &#8220;Imala&#8221; (mente fuerte), &#8220;Pant\u00fan&#8221; (patas grandes) y &#8220;Tiog&#8221; (sombra nocturna). La votaci\u00f3n estar\u00e1 abierta hasta el 7 de agosto a trav\u00e9s de la p\u00e1gina <a href=\"http:\/\/www.educaci\">www.educaci<\/a>\u00f3n.chaco.gov.ar y la plataforma educativa ELE <a href=\"https:\/\/ele.chaco.gob.ar\/mod\/feedback\/view.php?id=282347\">ele.chaco.gob.ar\/mod\/feedback\/view.php?id=282347<\/a>. El 8 de agosto, el d\u00eda de la Provincializaci\u00f3n del Chaco, se expondr\u00e1 el ganador.<br \/>\nCabe se\u00f1alar que la tarea de elecci\u00f3n de los nombres fue gracias a la participaci\u00f3n de m\u00e1s de 3 mil estudiantes, docentes y directivos de 21 escuelas \u2013pertenecientes a la direcci\u00f3n regional educativa 5 y la subsede regional- de las localidades de General San Mart\u00edn, Pampa del Indio, Presidencia Roca, La Eduvigis y Selvas del R\u00edo de Oro.<br \/>\nEn la oportunidad, la subsecretaria de Educaci\u00f3n, Ludmila Pellegrini, manifest\u00f3 &#8220;la alegr\u00eda&#8221; de poder compartir esta iniciativa conjuntamente con el equipo del Ministerio de Ambiente y fortalecer as\u00ed la educaci\u00f3n ambiental, en cumplimiento de la ley provincial y nacional. En ese sentido destac\u00f3 la importancia que representa trabajar con las y los ni\u00f1os en la preservaci\u00f3n de esta especie aut\u00f3ctona y que est\u00e1 en extinci\u00f3n. \u201cPor eso pensamos en esta campa\u00f1a que puede ser compartida con las familias para elegir un nombre para un yaguaret\u00e9&#8221;, dijo.<br \/>\nAsimismo, la directora de Nivel Primario, Nilda Sosa, coment\u00f3 que desde su direcci\u00f3n se acompa\u00f1\u00f3 el proceso de selecci\u00f3n de los tres nombres. \u201cConsideramos que a trav\u00e9s de la formaci\u00f3n y el cambio de paradigma que estamos impulsando ambos ministerios, cualquier acci\u00f3n para cuidar el ambiente y preservarlo va a contribuir a que las nuevas generaciones nos ayuden a vivir en una provincia y mundo mejor\u201d, expres\u00f3.<br \/>\nPor su parte, el subsecretario de Ambiente y Biodiversidad, Tom\u00e1s Camarasa, consider\u00f3 que es necesario &#8220;redoblar esfuerzos para conservar los ecosistemas nativos&#8221;. \u201cContamos con un mayor registro de especies aqu\u00ed en el Chaco, para eso tambi\u00e9n estamos ampliando el uso de c\u00e1maras trampa y con muy buenos resultados, no s\u00f3lo para el registro del yaguaret\u00e9 sino de todos los monumentos naturales de la provincia, cuya informaci\u00f3n y difusi\u00f3n venimos trabajando con el programa de formaci\u00f3n integral Chaco Sostenible&#8221;.<br \/>\nEn este sentido, la coordinadora del programa Chaco Sostenible, Marilyn Rol\u00f3n, indic\u00f3 que se encuentra a disposici\u00f3n un material realizado por el Ministerio de Ambiente, al que se puede acceder a trav\u00e9s de un c\u00f3digo QR, &#8220;en el cual se sintetiza informaci\u00f3n importante acerca de los monumentos naturales que tenemos en la provincia del Chaco&#8221;. &#8220;Queremos agradecer a proyecto Yaguaret\u00e9, a Lucero y a Mart\u00edn, por el acompa\u00f1amiento y toda la informaci\u00f3n que nos brindaron en este trabajo conjunto\u201d. Tambi\u00e9n acompa\u00f1\u00f3 este anuncio Facundo Vargas, de la direcci\u00f3n de \u00c1reas Protegidas y Biodiversidad.<\/p>\n","protected":false},"excerpt":{"rendered":"<p>Estas son las tres opciones preseleccionadas. La votaci\u00f3n est\u00e1 abierta al p\u00fablico a trav\u00e9s de los sitios www.chaco.gov.ar, www.educaci\u00f3n.chaco.gov.ar y ele.chaco.gob.ar\/. El 8 se expondr\u00e1 la opci\u00f3n ganadora. Autoridades de los ministerios de Educaci\u00f3n y de Ambiente de la provincia presentaron este viernes una nueva campa\u00f1a para elegir un nombre para el yaguaret\u00e9 registrado por [&hellip;]<\/p>\n","protected":false},"author":1,"featured_media":23780,"comment_status":"closed","ping_status":"closed","sticky":false,"template":"","format":"standard","meta":{"footnotes":""},"categories":[6],"tags":[],"class_list":{"0":"post-23779","1":"post","2":"type-post","3":"status-publish","4":"format-standard","5":"has-post-thumbnail","7":"category-chaco"},"_links":{"self":[{"href":"https:\/\/chacosintesis.com.ar\/index.php\/wp-json\/wp\/v2\/posts\/23779","targetHints":{"allow":["GET"]}}],"collection":[{"href":"https:\/\/chacosintesis.com.ar\/index.php\/wp-json\/wp\/v2\/posts"}],"about":[{"href":"https:\/\/chacosintesis.com.ar\/index.php\/wp-json\/wp\/v2\/types\/post"}],"author":[{"embeddable":true,"href":"https:\/\/chacosintesis.com.ar\/index.php\/wp-json\/wp\/v2\/users\/1"}],"replies":[{"embeddable":true,"href":"https:\/\/chacosintesis.com.ar\/index.php\/wp-json\/wp\/v2\/comments?post=23779"}],"version-history":[{"count":0,"href":"https:\/\/chacosintesis.com.ar\/index.php\/wp-json\/wp\/v2\/posts\/23779\/revisions"}],"wp:featuredmedia":[{"embeddable":true,"href":"https:\/\/chacosintesis.com.ar\/index.php\/wp-json\/wp\/v2\/media\/23780"}],"wp:attachment":[{"href":"https:\/\/chacosintesis.com.ar\/index.php\/wp-json\/wp\/v2\/media?parent=23779"}],"wp:term":[{"taxonomy":"category","embeddable":true,"href":"https:\/\/chacosintesis.com.ar\/index.php\/wp-json\/wp\/v2\/categories?post=23779"},{"taxonomy":"post_tag","embeddable":true,"href":"https:\/\/chacosintesis.com.ar\/index.php\/wp-json\/wp\/v2\/tags?post=23779"}],"curies":[{"name":"wp","href":"https:\/\/api.w.org\/{rel}","templated":true}]}}