{"id":23775,"date":"2023-07-14T18:10:49","date_gmt":"2023-07-14T21:10:49","guid":{"rendered":"https:\/\/chacosintesis.com.ar\/?p=23775"},"modified":"2023-07-14T18:36:45","modified_gmt":"2023-07-14T21:36:45","slug":"mas-de-70-mil-estudiantes-del-chaco-seran-beneficiados-con-el-aumento-de-la-beca-progresar","status":"publish","type":"post","link":"https:\/\/chacosintesis.com.ar\/index.php\/mas-de-70-mil-estudiantes-del-chaco-seran-beneficiados-con-el-aumento-de-la-beca-progresar\/","title":{"rendered":"M\u00e1s de 70 mil estudiantes del Chaco ser\u00e1n beneficiados con el aumento de la Beca Progresar"},"content":{"rendered":"<p>Adem\u00e1s se espera que otros 20.000 estudiantes se incorporen al programa con el nuevo per\u00edodo de inscripci\u00f3n que se inicia este viernes.<br \/>\nEn una comunicaci\u00f3n conjunta entre los ministerios de Econom\u00eda y Educaci\u00f3n de la Naci\u00f3n, este \u00faltimo jueves se oficializ\u00f3 el aumento en m\u00e1s del 50% de las Becas Progresar, las cuales pasar\u00e1n a ser de $20.000 a partir del mes de agosto. Este incremento tendr\u00e1 un impacto fundamental en el sistema educativo del Chaco, donde 75.000 estudiantes saldr\u00e1n beneficiados.<br \/>\nEn una entrevista con Radio Provincia del Chaco, el coordinador provincial de las Becas, Luis Robles, cont\u00f3 que esta actualizaci\u00f3n del monto \u201cnos pone muy contento por el incentivo que es a nuestros estudiantes\u201d, y destac\u00f3 que \u201csomos la segunda provincia, en proporci\u00f3n, con la mayor cantidad de beneficiarios al programa\u201d. Del total de adjudicados, precis\u00f3 que 36.000 pertenecen al sistema obligatorio (secundaria y primaria de adultos), 8.000 a instituciones de formaci\u00f3n profesional y los 31.000 restantes son alumnos y alumnas de la educaci\u00f3n superior.<br \/>\n\u201cDesde el Ministerio de Educaci\u00f3n estamos pr\u00e1cticamente alcanzando el 90% de la poblaci\u00f3n potencialmente beneficiaria del Programa. En estos cuatro a\u00f1os de gesti\u00f3n hemos trabajado en lo que llamamos Operativo Progresar, y este alto nivel de llegada a la poblaci\u00f3n estudiantil se debi\u00f3, justamente, al trabajo que se hizo con organizaciones, municipios\u201d, cont\u00f3, y agreg\u00f3 que \u201ctambi\u00e9n se est\u00e1 viendo que con el despliegue que est\u00e1 alcanzando la provincia en fibra \u00f3ptica permite que m\u00e1s del 70% de los estudiantes lo hagan por la plataforma\u201d.<br \/>\nNuevo periodo de inscripci\u00f3n<br \/>\nCon la novedad del aumento tambi\u00e9n se conoci\u00f3 que a partir de este viernes 14 se abre el segundo per\u00edodo de inscripci\u00f3n para aquellos que no pudieron hacerlo en marzo, lo que se adelant\u00f3 dos semanas y se extender\u00e1 hasta el 31 de agosto para que m\u00e1s estudiantes del pa\u00eds puedan acceder al beneficio.<br \/>\n\u201cEn este segundo per\u00edodo de inscripci\u00f3n, de acuerdo a nuestras proyecciones, estamos seguros que otras 15 o 20 mil personas m\u00e1s van a poder acceder nuevamente al beneficio\u201d, cont\u00f3 Robles, y explic\u00f3 que quienes sean adjudicados a partir de esta nueva oportunidad, percibir\u00e1n un total de seis cuotas, es decir los pagos correspondientes desde junio a diciembre.<br \/>\nPara formar parte del Progresar e iniciar los cobros se deben revisar requisitos y detalles en la p\u00e1gina <a href=\"https:\/\/www.argentina.gob.ar\/educacion\/progresar\">www.argentina.gob.ar\/educacion\/progresar<\/a>, donde una vez cargadas las documentaciones correspondientes habr\u00e1 un per\u00edodo de evaluaci\u00f3n hasta la adjudicaci\u00f3n del beneficio.<br \/>\nQuienes ya se inscribieron en marzo y est\u00e1n actualmente cobrando la beca no deben volver a hacerlo en esta oportunidad, sin embargo, se deber\u00e1n actualizar las certificaciones para corroborar la regularidad pedag\u00f3gica y, en caso de no cumplimentar, se frenar\u00e1 el pago hasta tanto se incorpore nuevamente al sistema educativo. No obstante, cada a\u00f1o es necesario renovar la inscripci\u00f3n con los nuevos datos de estudio y dem\u00e1s documentaciones.<\/p>\n","protected":false},"excerpt":{"rendered":"<p>Adem\u00e1s se espera que otros 20.000 estudiantes se incorporen al programa con el nuevo per\u00edodo de inscripci\u00f3n que se inicia este viernes. En una comunicaci\u00f3n conjunta entre los ministerios de Econom\u00eda y Educaci\u00f3n de la Naci\u00f3n, este \u00faltimo jueves se oficializ\u00f3 el aumento en m\u00e1s del 50% de las Becas Progresar, las cuales pasar\u00e1n a [&hellip;]<\/p>\n","protected":false},"author":1,"featured_media":23776,"comment_status":"closed","ping_status":"closed","sticky":false,"template":"","format":"standard","meta":{"footnotes":""},"categories":[6],"tags":[],"class_list":{"0":"post-23775","1":"post","2":"type-post","3":"status-publish","4":"format-standard","5":"has-post-thumbnail","7":"category-chaco"},"_links":{"self":[{"href":"https:\/\/chacosintesis.com.ar\/index.php\/wp-json\/wp\/v2\/posts\/23775","targetHints":{"allow":["GET"]}}],"collection":[{"href":"https:\/\/chacosintesis.com.ar\/index.php\/wp-json\/wp\/v2\/posts"}],"about":[{"href":"https:\/\/chacosintesis.com.ar\/index.php\/wp-json\/wp\/v2\/types\/post"}],"author":[{"embeddable":true,"href":"https:\/\/chacosintesis.com.ar\/index.php\/wp-json\/wp\/v2\/users\/1"}],"replies":[{"embeddable":true,"href":"https:\/\/chacosintesis.com.ar\/index.php\/wp-json\/wp\/v2\/comments?post=23775"}],"version-history":[{"count":0,"href":"https:\/\/chacosintesis.com.ar\/index.php\/wp-json\/wp\/v2\/posts\/23775\/revisions"}],"wp:featuredmedia":[{"embeddable":true,"href":"https:\/\/chacosintesis.com.ar\/index.php\/wp-json\/wp\/v2\/media\/23776"}],"wp:attachment":[{"href":"https:\/\/chacosintesis.com.ar\/index.php\/wp-json\/wp\/v2\/media?parent=23775"}],"wp:term":[{"taxonomy":"category","embeddable":true,"href":"https:\/\/chacosintesis.com.ar\/index.php\/wp-json\/wp\/v2\/categories?post=23775"},{"taxonomy":"post_tag","embeddable":true,"href":"https:\/\/chacosintesis.com.ar\/index.php\/wp-json\/wp\/v2\/tags?post=23775"}],"curies":[{"name":"wp","href":"https:\/\/api.w.org\/{rel}","templated":true}]}}