{"id":23773,"date":"2023-07-14T18:09:16","date_gmt":"2023-07-14T21:09:16","guid":{"rendered":"https:\/\/chacosintesis.com.ar\/?p=23773"},"modified":"2023-07-14T18:36:45","modified_gmt":"2023-07-14T21:36:45","slug":"capitanich-con-cada-casa-que-entregamos-dejamos-un-legado-para-las-futuras-generaciones","status":"publish","type":"post","link":"https:\/\/chacosintesis.com.ar\/index.php\/capitanich-con-cada-casa-que-entregamos-dejamos-un-legado-para-las-futuras-generaciones\/","title":{"rendered":"Capitanich: &#8220;Con cada casa que entregamos, dejamos un legado para las futuras generaciones&#8221;"},"content":{"rendered":"<p>En sus redes sociales, el primer mandatario provincial dijo que las familias que accedieron a su casa propia &#8220;podr\u00e1n comenzar una nueva vida en un hogar propio y digno&#8221;. Este viernes por la ma\u00f1ana, el gobernador Jorge Capitanich entreg\u00f3 casas a familias de Resistencia. Las nuevas viviendas se encuentran en los barrios Primavera 1 y 2. En sus redes sociales, el primer mandatario provincial dijo que las familias que accedieron a su casa propia &#8220;podr\u00e1n comenzar una nueva vida en un hogar propio y digno&#8221;. Adem\u00e1s, manifest\u00f3 que &#8220;cada entrega de vivienda es muy significativa, ya que estamos cumpliendo con un derecho esencial y generando nuevos empleos. Con cada casa que entregamos, dejamos un legado para las futuras generaciones, construyendo un futuro mejor para todos.&#8221;<\/p>\n","protected":false},"excerpt":{"rendered":"<p>En sus redes sociales, el primer mandatario provincial dijo que las familias que accedieron a su casa propia &#8220;podr\u00e1n comenzar una nueva vida en un hogar propio y digno&#8221;. Este viernes por la ma\u00f1ana, el gobernador Jorge Capitanich entreg\u00f3 casas a familias de Resistencia. Las nuevas viviendas se encuentran en los barrios Primavera 1 y [&hellip;]<\/p>\n","protected":false},"author":1,"featured_media":23774,"comment_status":"closed","ping_status":"closed","sticky":false,"template":"","format":"standard","meta":{"footnotes":""},"categories":[6],"tags":[],"class_list":{"0":"post-23773","1":"post","2":"type-post","3":"status-publish","4":"format-standard","5":"has-post-thumbnail","7":"category-chaco"},"_links":{"self":[{"href":"https:\/\/chacosintesis.com.ar\/index.php\/wp-json\/wp\/v2\/posts\/23773","targetHints":{"allow":["GET"]}}],"collection":[{"href":"https:\/\/chacosintesis.com.ar\/index.php\/wp-json\/wp\/v2\/posts"}],"about":[{"href":"https:\/\/chacosintesis.com.ar\/index.php\/wp-json\/wp\/v2\/types\/post"}],"author":[{"embeddable":true,"href":"https:\/\/chacosintesis.com.ar\/index.php\/wp-json\/wp\/v2\/users\/1"}],"replies":[{"embeddable":true,"href":"https:\/\/chacosintesis.com.ar\/index.php\/wp-json\/wp\/v2\/comments?post=23773"}],"version-history":[{"count":0,"href":"https:\/\/chacosintesis.com.ar\/index.php\/wp-json\/wp\/v2\/posts\/23773\/revisions"}],"wp:featuredmedia":[{"embeddable":true,"href":"https:\/\/chacosintesis.com.ar\/index.php\/wp-json\/wp\/v2\/media\/23774"}],"wp:attachment":[{"href":"https:\/\/chacosintesis.com.ar\/index.php\/wp-json\/wp\/v2\/media?parent=23773"}],"wp:term":[{"taxonomy":"category","embeddable":true,"href":"https:\/\/chacosintesis.com.ar\/index.php\/wp-json\/wp\/v2\/categories?post=23773"},{"taxonomy":"post_tag","embeddable":true,"href":"https:\/\/chacosintesis.com.ar\/index.php\/wp-json\/wp\/v2\/tags?post=23773"}],"curies":[{"name":"wp","href":"https:\/\/api.w.org\/{rel}","templated":true}]}}