{"id":23767,"date":"2023-07-14T17:33:44","date_gmt":"2023-07-14T20:33:44","guid":{"rendered":"https:\/\/chacosintesis.com.ar\/?p=23767"},"modified":"2023-07-14T17:37:13","modified_gmt":"2023-07-14T20:37:13","slug":"lanzaron-el-pre-laborde-selectivo-chaco-que-se-realizara-en-presidencia-de-la-plaza","status":"publish","type":"post","link":"https:\/\/chacosintesis.com.ar\/index.php\/lanzaron-el-pre-laborde-selectivo-chaco-que-se-realizara-en-presidencia-de-la-plaza\/","title":{"rendered":"Lanzaron el \u201cPre Laborde, selectivo Chaco\u201d que se realizar\u00e1 en Presidencia de la Plaza"},"content":{"rendered":"<p>El selectivo para formar la delegaci\u00f3n provincial de bailarines y bailarinas, m\u00fasicos y m\u00fasicas, docentes y acompa\u00f1antes de cada rubro ser\u00e1 el 26 de agosto.<br \/>\nEsta ma\u00f1ana, en conferencia de prensa desde Casa de las Culturas, funcionarios locales y hacedores culturales lanzaron oficialmente el \u201cPre Laborde, selectivo Chaco\u201d. Dicho certamen se realizar\u00e1 en Presidencia de la Plaza el 26 de agosto de este a\u00f1o, siendo la instancia previa al tradicional concurso nacional que se realiza en la localidad de Laborde (C\u00f3rdoba).<br \/>\nDe la conferencia particip\u00f3 Gladis Cristaldo, vicepresidenta del Instituto de Cultura del Chaco (ICCH); junto al delegado del Selectivo Provincial, Luis Alberto Cinat; la subdelegada de este certamen, Melisa Daniela G\u00f3mez; Walter Carbonell, a cargo de Lenguajes Art\u00edsticos del ICCH; Lisandro Sosa, en representaci\u00f3n del Ballet Contempor\u00e1neo del Chaco, entre otras y otros.<br \/>\nDurante el acto tambi\u00e9n se entreg\u00f3 un reconocimiento al \u00fanico campe\u00f3n nacional de malambo que posee la provincia, Juan Alberto Ortega. Tambi\u00e9n fueron homenajeados los \u00faltimos ganadores del Festival Nacional de Malambo, en el rubro conjunto de danza, la Escuela Municipal Huellas Argentinas.<br \/>\nPor su parte, Gladis Cristaldo destac\u00f3: \u201cDesde el Instituto de Cultura vamos a estar acompa\u00f1ando esta actividad desde el inicio hasta el cierre porque nos parece algo sumamente importante, porque es una \u00fanica convocatoria, una \u00fanica oportunidad y sabemos de los valores que tenemos en la provincia en cuanto a danzas y m\u00fasicas. Quiero agradecer a todos por el esfuerzo, y en especial a nuestro campe\u00f3n, Juan Alberto Ortega. Desde Cultura quiero convocar a todos y todas nuestras artistas, a nuestros hacedores, a que se puedan presentar e inscribirse antes del 10 de agosto y que puedan ser parte de esta gran fiesta\u201d.<br \/>\nEn esta oportunidad el selectivo para formar la delegaci\u00f3n provincial de bailarines y bailarinas, m\u00fasicos y m\u00fasicas, docentes y acompa\u00f1antes de cada rubro ser\u00e1 el 26 de agosto en Presidencia de la Plaza. Este certamen cuenta con el acompa\u00f1amiento del municipio local como as\u00ed tambi\u00e9n del Instituto de Cultura.<br \/>\nLa delegaci\u00f3n estar\u00e1 conformada por un delegado y una subdelegada. Adem\u00e1s, habr\u00e1 participantes, acompa\u00f1antes y preparadores de los siguientes rubros y categor\u00edas: Malambo mayor, malambo juvenil especial, malambo juvenil, malambo menor, malambo infantil, malambo veterano, combinado de malambo mayor, combinado de malambo menor, contrapunto de malambo a mejor mudanza, conjunto de danza, pareja de danza, paisana nacional, solista de canto, d\u00fao de canto, solista instrumental, conjunto de canto o instrumental, recitador gauchesco y locutor animador.<br \/>\nEn representaci\u00f3n de la organizaci\u00f3n del evento, Luis Alberto Cinat dijo: \u201cGracias en primer lugar a los que nos dieron la confianza, junto con Meli, de estar este a\u00f1o como organizadores en la figura del delegado y subdelegada. Tambi\u00e9n hay mucha gente trabajando a la par con nosotros, agradecerles a ellas y ellos tambi\u00e9n. Es importante ver la presencia del Estado, una pol\u00edtica cultural como esta que apoya, que despu\u00e9s nosotros podamos sentir como bailarines, como artistas, que las diferentes cuestiones que necesitamos para que una delegaci\u00f3n pueda llevarse a cabo desde el preselectivo para llegar a participar en un festival tan importante\u201d.<br \/>\nY agreg\u00f3 Cinat: \u201cTan importante es que se hace uno solo por provincia. Entonces, tener esta responsabilidad tambi\u00e9n es un honor. En la provincia tenemos un solo campe\u00f3n, sue\u00f1o con que haya m\u00e1s campeones. Nuestro campe\u00f3n hoy est\u00e1 presente ac\u00e1, es de San Mart\u00edn y se vino nada m\u00e1s que para este lanzamiento\u201d.<br \/>\nUn festival con historia<br \/>\nEl Festival Nacional del Malambo se realiza en la localidad de Laborde en la provincia de C\u00f3rdoba, tiene por objeto reunir delegaciones provinciales de todo el pa\u00eds en el mes de enero de cada a\u00f1o, en donde cada una efect\u00faa representaciones art\u00edsticas en modalidad tradicional en los distintos rubros de m\u00fasica y danza, con una marcada distinci\u00f3n en lo que respecta al Malambo, consagrando en cada edici\u00f3n al Campe\u00f3n Nacional del Malambo.<br \/>\nEn enero del a\u00f1o 2024, se estar\u00e1 celebrando la 56\u00b0 Edici\u00f3n del m\u00e1s argentino de los festivales. Raz\u00f3n por la cual nuestra provincia empieza a desandar el camino de preparaci\u00f3n para poder estar presente una vez m\u00e1s como en tantas otras ocasiones.<\/p>\n","protected":false},"excerpt":{"rendered":"<p>El selectivo para formar la delegaci\u00f3n provincial de bailarines y bailarinas, m\u00fasicos y m\u00fasicas, docentes y acompa\u00f1antes de cada rubro ser\u00e1 el 26 de agosto. Esta ma\u00f1ana, en conferencia de prensa desde Casa de las Culturas, funcionarios locales y hacedores culturales lanzaron oficialmente el \u201cPre Laborde, selectivo Chaco\u201d. Dicho certamen se realizar\u00e1 en Presidencia de [&hellip;]<\/p>\n","protected":false},"author":1,"featured_media":23768,"comment_status":"closed","ping_status":"closed","sticky":false,"template":"","format":"standard","meta":{"footnotes":""},"categories":[6],"tags":[],"class_list":{"0":"post-23767","1":"post","2":"type-post","3":"status-publish","4":"format-standard","5":"has-post-thumbnail","7":"category-chaco"},"_links":{"self":[{"href":"https:\/\/chacosintesis.com.ar\/index.php\/wp-json\/wp\/v2\/posts\/23767","targetHints":{"allow":["GET"]}}],"collection":[{"href":"https:\/\/chacosintesis.com.ar\/index.php\/wp-json\/wp\/v2\/posts"}],"about":[{"href":"https:\/\/chacosintesis.com.ar\/index.php\/wp-json\/wp\/v2\/types\/post"}],"author":[{"embeddable":true,"href":"https:\/\/chacosintesis.com.ar\/index.php\/wp-json\/wp\/v2\/users\/1"}],"replies":[{"embeddable":true,"href":"https:\/\/chacosintesis.com.ar\/index.php\/wp-json\/wp\/v2\/comments?post=23767"}],"version-history":[{"count":0,"href":"https:\/\/chacosintesis.com.ar\/index.php\/wp-json\/wp\/v2\/posts\/23767\/revisions"}],"wp:featuredmedia":[{"embeddable":true,"href":"https:\/\/chacosintesis.com.ar\/index.php\/wp-json\/wp\/v2\/media\/23768"}],"wp:attachment":[{"href":"https:\/\/chacosintesis.com.ar\/index.php\/wp-json\/wp\/v2\/media?parent=23767"}],"wp:term":[{"taxonomy":"category","embeddable":true,"href":"https:\/\/chacosintesis.com.ar\/index.php\/wp-json\/wp\/v2\/categories?post=23767"},{"taxonomy":"post_tag","embeddable":true,"href":"https:\/\/chacosintesis.com.ar\/index.php\/wp-json\/wp\/v2\/tags?post=23767"}],"curies":[{"name":"wp","href":"https:\/\/api.w.org\/{rel}","templated":true}]}}