{"id":23755,"date":"2023-07-14T17:20:52","date_gmt":"2023-07-14T20:20:52","guid":{"rendered":"https:\/\/chacosintesis.com.ar\/?p=23755"},"modified":"2023-07-14T17:37:10","modified_gmt":"2023-07-14T20:37:10","slug":"inclusion-digital-se-entregaron-51-aulas-digitales-moviles-a-institutos-de-educacion-superior-2","status":"publish","type":"post","link":"https:\/\/chacosintesis.com.ar\/index.php\/inclusion-digital-se-entregaron-51-aulas-digitales-moviles-a-institutos-de-educacion-superior-2\/","title":{"rendered":"Inclusi\u00f3n digital: se entregaron 51 Aulas Digitales M\u00f3viles a institutos de Educaci\u00f3n Superior"},"content":{"rendered":"<p>La inversi\u00f3n total fue de $153.000.000 para brindar recursos tecnol\u00f3gicos a los terciarios. Cada AMD cuenta con 25 netbooks para usar en el aula.<br \/>\nEl gobernador Jorge Capitanich, junto al ministro de Educaci\u00f3n, Aldo Lineras, entreg\u00f3 esta ma\u00f1ana 51 Aulas Digitales M\u00f3viles para institutos de formaci\u00f3n terciaria de la provincia. Este equipamiento demand\u00f3 una inversi\u00f3n nacional de $153.000.000 por parte del programa Conectar Igualdad.<br \/>\nEl acto fue en el Instituto de Educaci\u00f3n Superior San Fernando Rey, junto a los rectores y centros de estudiantes de los establecimientos beneficiados, con la participaci\u00f3n de Claudia G\u00f3nzalez, subsecretaria de Ciencia y Tecnolog\u00eda. Esta entrega se lleva adelante en coordinaci\u00f3n con el Instituto Nacional de Formaci\u00f3n Docente (Infod). El objetivo es dotar a los futuros y futuras docentes de recursos tecnol\u00f3gicos que fortalezcan su trayecto formativo y posterior pr\u00e1ctica educativa.<br \/>\nCada aula digital m\u00f3vil consta de un carro, un proyector, una l\u00e1mpara de repuesto, un acces point, un pendrive, una impresora multifunci\u00f3n y sus insumos, una pizarra digital y 25 netbooks, con un costo unitario de $3.000.000.<br \/>\nCapitanich record\u00f3 los inicios del plan Conectar Igualdad, \u201cque fue una agenda de inversi\u00f3n en tecnolog\u00eda para llegar a un proceso de universalizaci\u00f3n de la incorporaci\u00f3n de tecnolog\u00eda al sistema educativo\u201d<br \/>\nEl sistema educativo chaque\u00f1o cuenta con 61.000 estudiantes en el Nivel Superior, 105 establecimientos de formaci\u00f3n superior, teniendo en cuenta los anexos y las instituciones de gesti\u00f3n privada, con 6.000 docentes. \u201cEn los \u00faltimos 40 a\u00f1os el acceso a la educaci\u00f3n superior en la provincia fue muy significativo. Hoy tenemos 23 instituciones con edificio propio y eso fue parte de un proceso de inversi\u00f3n en infraestructura que nos planteamos a lo largo de cada gesti\u00f3n. Invertimos en horas c\u00e1tedras, formaci\u00f3n educativa y garant\u00eda de acceso al sector terciario\u201d.<br \/>\n\u201cDe 2010 al 2022 tenemos 250.000 computadoras distribuidas en la provincia,  cerca de 25.000 fueron entregadas entre 2021 y 2023\u201d, explic\u00f3 el gobernador. Y a\u00f1adi\u00f3: \u201cAhora en julio llegamos a 3.000 kil\u00f3metros de red de fibra \u00f3ptica y s\u00ed es necesario seguir creciendo con la conectividad de \u00faltima milla y mejorar los problemas de provisi\u00f3n y velocidad, pero lo importante es que contamos con una plataforma digital extendida para llegar con la mayor capacidad a todos y todas\u201d.<br \/>\nEntre las pol\u00edticas ejecutadas para mejorar el acceso a la tecnolog\u00eda, el mandatario record\u00f3 el programa de financiamiento para la compra de equipamiento digital para docentes y estudiantes.<br \/>\nRen\u00e9 S\u00e1nchez, rector del Instituto de Educaci\u00f3n Superior de Villa Angela, destac\u00f3 que esta entrega permite a la Educaci\u00f3n Superior \u201cvolver a entrar por la puerta grande porque piensan en el presente para acortar la brecha digital\u201d e invit\u00f3 a sus colegas a \u201cdar el mayor provecho de estas herramientas para la formaci\u00f3n de nuestros docentes\u201d.<br \/>\nEl ministro de Educaci\u00f3n, Aldo Lineras, record\u00f3 la fortaleza de la Educaci\u00f3n Superior en la provincia, \u201cque se la debemos a las \u00faltimas gestiones en los \u00faltimos 40 a\u00f1os de democracia y tenemos grandes desaf\u00edos para mejorar la Educaci\u00f3n Superior, como la regularizaci\u00f3n concursos de los cargos, asegurando a cada docente su estabilidad laboral\u201d.<\/p>\n","protected":false},"excerpt":{"rendered":"<p>La inversi\u00f3n total fue de $153.000.000 para brindar recursos tecnol\u00f3gicos a los terciarios. Cada AMD cuenta con 25 netbooks para usar en el aula. El gobernador Jorge Capitanich, junto al ministro de Educaci\u00f3n, Aldo Lineras, entreg\u00f3 esta ma\u00f1ana 51 Aulas Digitales M\u00f3viles para institutos de formaci\u00f3n terciaria de la provincia. Este equipamiento demand\u00f3 una inversi\u00f3n [&hellip;]<\/p>\n","protected":false},"author":1,"featured_media":23756,"comment_status":"closed","ping_status":"closed","sticky":false,"template":"","format":"standard","meta":{"footnotes":""},"categories":[6],"tags":[],"class_list":{"0":"post-23755","1":"post","2":"type-post","3":"status-publish","4":"format-standard","5":"has-post-thumbnail","7":"category-chaco"},"_links":{"self":[{"href":"https:\/\/chacosintesis.com.ar\/index.php\/wp-json\/wp\/v2\/posts\/23755","targetHints":{"allow":["GET"]}}],"collection":[{"href":"https:\/\/chacosintesis.com.ar\/index.php\/wp-json\/wp\/v2\/posts"}],"about":[{"href":"https:\/\/chacosintesis.com.ar\/index.php\/wp-json\/wp\/v2\/types\/post"}],"author":[{"embeddable":true,"href":"https:\/\/chacosintesis.com.ar\/index.php\/wp-json\/wp\/v2\/users\/1"}],"replies":[{"embeddable":true,"href":"https:\/\/chacosintesis.com.ar\/index.php\/wp-json\/wp\/v2\/comments?post=23755"}],"version-history":[{"count":0,"href":"https:\/\/chacosintesis.com.ar\/index.php\/wp-json\/wp\/v2\/posts\/23755\/revisions"}],"wp:featuredmedia":[{"embeddable":true,"href":"https:\/\/chacosintesis.com.ar\/index.php\/wp-json\/wp\/v2\/media\/23756"}],"wp:attachment":[{"href":"https:\/\/chacosintesis.com.ar\/index.php\/wp-json\/wp\/v2\/media?parent=23755"}],"wp:term":[{"taxonomy":"category","embeddable":true,"href":"https:\/\/chacosintesis.com.ar\/index.php\/wp-json\/wp\/v2\/categories?post=23755"},{"taxonomy":"post_tag","embeddable":true,"href":"https:\/\/chacosintesis.com.ar\/index.php\/wp-json\/wp\/v2\/tags?post=23755"}],"curies":[{"name":"wp","href":"https:\/\/api.w.org\/{rel}","templated":true}]}}