{"id":23747,"date":"2023-07-14T17:14:00","date_gmt":"2023-07-14T20:14:00","guid":{"rendered":"https:\/\/chacosintesis.com.ar\/?p=23747"},"modified":"2023-07-14T17:37:07","modified_gmt":"2023-07-14T20:37:07","slug":"chapo-la-provincia-supero-los-101-300-empleos-privados-formales-cumpliendo-con-el-compromiso-asumido-por-el-gobernador","status":"publish","type":"post","link":"https:\/\/chacosintesis.com.ar\/index.php\/chapo-la-provincia-supero-los-101-300-empleos-privados-formales-cumpliendo-con-el-compromiso-asumido-por-el-gobernador\/","title":{"rendered":"Chapo: &#8220;La provincia super\u00f3 los 101.300 empleos privados formales, cumpliendo con el compromiso asumido por el gobernador&#8221;"},"content":{"rendered":"<p>Ofreci\u00f3 este viernes una nueva conferencia de prensa en la que ofreci\u00f3 informaci\u00f3n sobre diversos temas, pol\u00edticas p\u00fablicas prioritarias y la agenda oficial que mantendr\u00e1 el gobernador Jorge Capitanich este viernes y s\u00e1bado.<br \/>\nEl vocero oficial del Gobierno provincial, Juan Manuel Chapo, ofreci\u00f3 este viernes una nueva conferencia de prensa en la que ofreci\u00f3 informaci\u00f3n sobre diversos temas, pol\u00edticas p\u00fablicas prioritarias y la agenda oficial que mantendr\u00e1 el gobernador Jorge Capitanich este viernes y s\u00e1bado. En contacto con los medios de comunicaci\u00f3n, Chapo destac\u00f3 los \u00faltimos indicadores que posicionan a la provincia del Chaco como uno de los distritos con mayor generaci\u00f3n de empleo formal privado a nivel pa\u00eds. \u201cLa industria de la construcci\u00f3n es una industria madre que moviliza la econom\u00eda y la provincia ha sido la cuarta con mayor generaci\u00f3n de empleo privado formal seg\u00fan el Ministerio de Trabajo de la Naci\u00f3n en el marco del Consejo Federal del Trabajo\u201d, detall\u00f3 el portavoz gubernamental. En ese contexto, Chapo subray\u00f3 que en la provincia del Chaco \u201chemos superado los 101.300 empleos privados formales, cumpliendo con el compromiso que hab\u00eda hecho el Gobernador oportunamente de superar los 100.000 empleos\u201d. \u201cLa sinergia entre el sector p\u00fablico y el sector privado es lo que ha posibilitado que la provincia del Chaco tenga hoy este proceso positivo que tenemos que profundizar\u201d, ampli\u00f3 el funcionario, y destac\u00f3 principalmente la importancia de la inversi\u00f3n p\u00fablica provincial \u201cque apalanca a la inversi\u00f3n privada, y esta \u00faltima es la que genera gran cantidad de empleo\u201d.<br \/>\nPrimer bono social, verde y sustentable de la provincia<br \/>\nEl portavoz destac\u00f3 adem\u00e1s la emisi\u00f3n del primer bono social, verde y sustentable del Chaco, que ser\u00e1 destinado en forma directa a proyectos de infraestructura ejecutados por la empresa el\u00e9ctrica Secheep; con Fiduciaria del Norte, en su rol de fiduciario del Fideicomiso Financiero de Infraestructura P\u00fablica El\u00e9ctrica, en articulaci\u00f3n con el Ministerio de Planificaci\u00f3n, Econom\u00eda e Infraestructura, y con certificaci\u00f3n de la Universidad Tecnol\u00f3gica Nacional (UTN). La operatoria permiti\u00f3 captar 400 millones de pesos que se destinar\u00e1n a financiar proyectos con impacto ambiental positivo, entre ellos, la construcci\u00f3n de una nueva estaci\u00f3n transformadora en la zona Norte de Resistencia.<br \/>\n Bajas temperaturas y atenci\u00f3n las personas en situaci\u00f3n de calle<br \/>\n Ante las bajas temperaturas de los \u00faltimos d\u00edas, mediante el programa Mirame, que pone en pr\u00e1ctica la Subsecretar\u00eda de Ni\u00f1ez, Adolescencia y Familia del Ministerio de Desarrollo Social, se otorga atenci\u00f3n inmediata a personas en situaci\u00f3n de calle. Como acci\u00f3n de corresponsabilidad social, se pide a la ciudadan\u00eda alertar estos casos llamando al 0800-888-6472. La l\u00ednea est\u00e1 disponible las 24 horas, los 365 d\u00edas del a\u00f1o. Los centros de alojamiento transitorio de convivencia son: Mirame 1 (Formosa al 634), Mirame 2 (Fort\u00edn Alvarado 336), Mirame 3 (Santa Fe 461). Adem\u00e1s, se asiste con viandas diarias (almuerzo, cena y postre), a una poblaci\u00f3n aproximada de 100 personas, m\u00e1s otras 50 del programa Contener destinado a adultas y adultos mayores que se encuentran en vulnerabilidad social y con trabajo informal. El programa cuenta con dispositivos de alojamiento transitorio para aquellas personas adultas que decidan libremente salir de la situaci\u00f3n en la que se encuentran y tambi\u00e9n posee centros convivenciales para encarar un trabajo a mediano o largo plazo, lo que incluye que quienes llegan empezar\u00e1n otros proyectos de vida.<br \/>\nAgenda del gobernador<\/p>\n<p>El vocero inform\u00f3 adem\u00e1s sobre la agenda de actividades oficiales del gobernador Jorge Capitanich, quien este viernes inici\u00f3 su jornada en Resistencia con la entrega de soluciones habitacionales, para luego dirigirse al Instituto de Educaci\u00f3n Superior San Fernando Rey, donde entregar\u00e1 kits de equipamiento tecnol\u00f3gico para escuelas. El gobernador continuar\u00e1 con un encuentro junto al sector de productores tabacaleros en Casa de Gobierno para luego iniciar una intensa agenda de inauguraciones y reuniones en el Sudoeste chaque\u00f1o. El primer punto ser\u00e1 Las Bre\u00f1as, donde habr\u00e1 m\u00faltiples actividades: entregas de t\u00edtulos de Colonizaci\u00f3n y de viviendas, y las inauguraciones tanto de la iluminaci\u00f3n de la ruta 6, como de las refacciones del club Amalab. La jornada del viernes finalizar\u00e1 en Charata, donde el mandatario entregar\u00e1 t\u00edtulos de propiedad de viviendas y participar\u00e1 del acto por el 50\u00ba aniversario de Radio Mocov\u00ed. La agenda continuar\u00e1 el s\u00e1bado con m\u00faltiples reuniones con vecinos y vecinas de la ciudad de Resistencia para luego dirigirse a la localidad de Puerto Tirol donde mantendr\u00e1 un encuentro con empresarios industriales.<\/p>\n","protected":false},"excerpt":{"rendered":"<p>Ofreci\u00f3 este viernes una nueva conferencia de prensa en la que ofreci\u00f3 informaci\u00f3n sobre diversos temas, pol\u00edticas p\u00fablicas prioritarias y la agenda oficial que mantendr\u00e1 el gobernador Jorge Capitanich este viernes y s\u00e1bado. El vocero oficial del Gobierno provincial, Juan Manuel Chapo, ofreci\u00f3 este viernes una nueva conferencia de prensa en la que ofreci\u00f3 informaci\u00f3n [&hellip;]<\/p>\n","protected":false},"author":1,"featured_media":23748,"comment_status":"closed","ping_status":"closed","sticky":false,"template":"","format":"standard","meta":{"footnotes":""},"categories":[6],"tags":[],"class_list":{"0":"post-23747","1":"post","2":"type-post","3":"status-publish","4":"format-standard","5":"has-post-thumbnail","7":"category-chaco"},"_links":{"self":[{"href":"https:\/\/chacosintesis.com.ar\/index.php\/wp-json\/wp\/v2\/posts\/23747","targetHints":{"allow":["GET"]}}],"collection":[{"href":"https:\/\/chacosintesis.com.ar\/index.php\/wp-json\/wp\/v2\/posts"}],"about":[{"href":"https:\/\/chacosintesis.com.ar\/index.php\/wp-json\/wp\/v2\/types\/post"}],"author":[{"embeddable":true,"href":"https:\/\/chacosintesis.com.ar\/index.php\/wp-json\/wp\/v2\/users\/1"}],"replies":[{"embeddable":true,"href":"https:\/\/chacosintesis.com.ar\/index.php\/wp-json\/wp\/v2\/comments?post=23747"}],"version-history":[{"count":0,"href":"https:\/\/chacosintesis.com.ar\/index.php\/wp-json\/wp\/v2\/posts\/23747\/revisions"}],"wp:featuredmedia":[{"embeddable":true,"href":"https:\/\/chacosintesis.com.ar\/index.php\/wp-json\/wp\/v2\/media\/23748"}],"wp:attachment":[{"href":"https:\/\/chacosintesis.com.ar\/index.php\/wp-json\/wp\/v2\/media?parent=23747"}],"wp:term":[{"taxonomy":"category","embeddable":true,"href":"https:\/\/chacosintesis.com.ar\/index.php\/wp-json\/wp\/v2\/categories?post=23747"},{"taxonomy":"post_tag","embeddable":true,"href":"https:\/\/chacosintesis.com.ar\/index.php\/wp-json\/wp\/v2\/tags?post=23747"}],"curies":[{"name":"wp","href":"https:\/\/api.w.org\/{rel}","templated":true}]}}