{"id":23737,"date":"2023-07-13T19:51:19","date_gmt":"2023-07-13T22:51:19","guid":{"rendered":"https:\/\/chacosintesis.com.ar\/?p=23737"},"modified":"2023-07-13T20:06:41","modified_gmt":"2023-07-13T23:06:41","slug":"el-gobierno-acordo-nuevo-aumento-con-el-sector-judicial-y-ratifico-que-el-salario-le-ganara-a-la-inflacion","status":"publish","type":"post","link":"https:\/\/chacosintesis.com.ar\/index.php\/el-gobierno-acordo-nuevo-aumento-con-el-sector-judicial-y-ratifico-que-el-salario-le-ganara-a-la-inflacion\/","title":{"rendered":"El Gobierno acord\u00f3 nuevo aumento con el sector judicial y ratific\u00f3 que el salario le ganar\u00e1 a la inflaci\u00f3n"},"content":{"rendered":"<p>Lo hizo durante una reuni\u00f3n entre el Ministerio de Planificaci\u00f3n, Econom\u00eda e Infraestructura y representantes del Poder Judicial. \u201cNuestro objetivo es cuidar el poder adquisitivo\u201d de las y los trabajadores, afirm\u00f3 el ministro Santiago P\u00e9rez Pons.<\/p>\n<p>Funcionarios del Ministerio de Planificaci\u00f3n, Econom\u00eda e Infraestructura se reunieron con representantes de las y los trabajadores judiciales y de funcionarios y jueces de ese poder del Estado, oportunidad en la que el gobierno provincial acord\u00f3 este jueves un nuevo aumento para el sector. El titular de la cartera econ\u00f3mica chaque\u00f1a, Santiago P\u00e9rez Pons, explic\u00f3 que con los salarios de julio se aplicar\u00e1n dos aumentos para el Poder Judicial de la Provincia, ratificando que \u201cnuestro objetivo es cuidar el poder adquisitivo\u201d de las familias chaque\u00f1as.<br \/>\nPor un lado, habr\u00e1 un aumento del 5% al b\u00e1sico que corresponde al acuerdo firmado en marzo, durante las negociaciones salariales con las y los judiciales ya que, el Ejecutivo hab\u00eda otorgado en mayo un incremento de 10%, en calidad de adelanto. Por otro lado, una suba del 10%, que corresponde al ajuste por revisi\u00f3n, que, en principio estaba pautado otorgarlo en septiembre. \u201cNuestro compromiso siempre fue sentarnos a dialogar con el objetivo de mejorar los salarios\u201d, indic\u00f3 el ministro de Planificaci\u00f3n, Econom\u00eda e Infraestructura.<br \/>\n\u201cEn el marco de las negociaciones que mantenemos con todos los sectores, lo que siempre buscamos es lograr una pol\u00edtica salarial previsible, que el salario le gane a la inflaci\u00f3n y que exista una recuperaci\u00f3n efectiva del poder adquisitivo del sector p\u00fablico provincial\u201d, afirm\u00f3 P\u00e9rez Pons.<\/p>\n<p>El ajuste por revisi\u00f3n es un aumento que se le otorga al Poder Judicial por aplicaci\u00f3n de la Ley 3.424, que se calcula todos los a\u00f1os en los meses de marzo y septiembre. El objetivo de este concepto es equiparar los salarios de jueces con el promedio de la regi\u00f3n NEA (Misiones, Corrientes y Formosa).<br \/>\n\u201cEste a\u00f1o, adelantamos a julio el pago del ajuste por revisi\u00f3n para que el Poder Judicial pueda tener una recomposici\u00f3n salarial m\u00e1s r\u00e1pida, es decir que sobrecumplimos con lo que dice la Ley 3.424\u201d, afirm\u00f3 P\u00e9rez Pons.<br \/>\nEn esa l\u00ednea, el funcionario provincial ratific\u00f3: \u201cPara 2023, nuestro objetivo es sostener que los salarios contin\u00faen por encima de la previsi\u00f3n inflacionaria, teniendo en cuenta la prioridad del proceso de recomposici\u00f3n salarial en los \u00faltimos tres a\u00f1os\u201d.<\/p>\n","protected":false},"excerpt":{"rendered":"<p>Lo hizo durante una reuni\u00f3n entre el Ministerio de Planificaci\u00f3n, Econom\u00eda e Infraestructura y representantes del Poder Judicial. \u201cNuestro objetivo es cuidar el poder adquisitivo\u201d de las y los trabajadores, afirm\u00f3 el ministro Santiago P\u00e9rez Pons. Funcionarios del Ministerio de Planificaci\u00f3n, Econom\u00eda e Infraestructura se reunieron con representantes de las y los trabajadores judiciales y [&hellip;]<\/p>\n","protected":false},"author":1,"featured_media":23738,"comment_status":"closed","ping_status":"closed","sticky":false,"template":"","format":"standard","meta":{"footnotes":""},"categories":[6],"tags":[],"class_list":{"0":"post-23737","1":"post","2":"type-post","3":"status-publish","4":"format-standard","5":"has-post-thumbnail","7":"category-chaco"},"_links":{"self":[{"href":"https:\/\/chacosintesis.com.ar\/index.php\/wp-json\/wp\/v2\/posts\/23737","targetHints":{"allow":["GET"]}}],"collection":[{"href":"https:\/\/chacosintesis.com.ar\/index.php\/wp-json\/wp\/v2\/posts"}],"about":[{"href":"https:\/\/chacosintesis.com.ar\/index.php\/wp-json\/wp\/v2\/types\/post"}],"author":[{"embeddable":true,"href":"https:\/\/chacosintesis.com.ar\/index.php\/wp-json\/wp\/v2\/users\/1"}],"replies":[{"embeddable":true,"href":"https:\/\/chacosintesis.com.ar\/index.php\/wp-json\/wp\/v2\/comments?post=23737"}],"version-history":[{"count":0,"href":"https:\/\/chacosintesis.com.ar\/index.php\/wp-json\/wp\/v2\/posts\/23737\/revisions"}],"wp:featuredmedia":[{"embeddable":true,"href":"https:\/\/chacosintesis.com.ar\/index.php\/wp-json\/wp\/v2\/media\/23738"}],"wp:attachment":[{"href":"https:\/\/chacosintesis.com.ar\/index.php\/wp-json\/wp\/v2\/media?parent=23737"}],"wp:term":[{"taxonomy":"category","embeddable":true,"href":"https:\/\/chacosintesis.com.ar\/index.php\/wp-json\/wp\/v2\/categories?post=23737"},{"taxonomy":"post_tag","embeddable":true,"href":"https:\/\/chacosintesis.com.ar\/index.php\/wp-json\/wp\/v2\/tags?post=23737"}],"curies":[{"name":"wp","href":"https:\/\/api.w.org\/{rel}","templated":true}]}}