{"id":23725,"date":"2023-07-12T19:08:56","date_gmt":"2023-07-12T22:08:56","guid":{"rendered":"https:\/\/chacosintesis.com.ar\/?p=23725"},"modified":"2023-07-12T19:37:04","modified_gmt":"2023-07-12T22:37:04","slug":"caso-cecilia-el-equipo-fiscal-analiza-los-ultimos-elementos-hallados-en-la-carcel-que-iban-dirigidos-a-cesar-sena","status":"publish","type":"post","link":"https:\/\/chacosintesis.com.ar\/index.php\/caso-cecilia-el-equipo-fiscal-analiza-los-ultimos-elementos-hallados-en-la-carcel-que-iban-dirigidos-a-cesar-sena\/","title":{"rendered":"Caso Cecilia: El Equipo Fiscal analiza los \u00faltimos elementos hallados en la c\u00e1rcel, que iban dirigidos a C\u00e9sar Sena"},"content":{"rendered":"<p>Un mensaje oculto realizado en una hoja con bol\u00edgrafo sin tinta y un comprobante bancario por un mill\u00f3n de pesos, transferidos el a\u00f1o pasado por la fundaci\u00f3n de Emerenciano Sena y Marcela Acu\u00f1a, detenidos por el femicidio de Cecilia Strzyzowski, la joven de 28 a\u00f1os desaparecida desde el 2 de junio en Resistencia, fueron secuestrados en la c\u00e1rcel donde est\u00e1 alojado el hijo del matrimonio, informaron hoy fuentes judiciales.<br \/>\nEl procedimiento que se conoci\u00f3 hoy fue efectuado el viernes de la semana pasada en el Complejo Penitenciario I de Resistencia, donde permanece detenido C\u00e9sar Sena, el esposo de Cecilia, quien est\u00e1 acusado por la Justicia de ser el autor del &#8220;femicidio&#8221; de la joven de 28 a\u00f1os.<br \/>\nSeg\u00fan las fuentes judiciales, el pasado viernes lleg\u00f3 al penal Mariano Sena, hermano de C\u00e9sar, para llevarle alimentos y elementos de higiene personales.<br \/>\nSin embargo, en una requisa de rutina, el personal penitenciario encontr\u00f3 entre las pertenencias que estaba llevando el hombre, una hoja rayada escrita aparentemente con bol\u00edgrafo sin tinta, por lo que sospechan que era un mensaje oculto dirigido al detenido.<br \/>\nAdem\u00e1s, los penitenciarios hallaron un comprobante bancario, procedente del Nuevo Banco del Chaco con fecha del 17 de octubre de 2022.<br \/>\nSeg\u00fan lo informado por el jefe de la c\u00e1rcel al Equipo Fiscal Especial (EFE), ese d\u00eda hubo una extracci\u00f3n de dinero de la Fundaci\u00f3n Sa\u00fal Andr\u00e9s Acu\u00f1a que ten\u00eda como destinatario un hombre llamado Marcelino Barrios, quien se dedica a la venta de elementos para la construcci\u00f3n.<br \/>\n&#8220;Consultado con el interno en cuesti\u00f3n, el mismo aduce no tener conocimiento de que la escritura y comprobante se encontraban all\u00ed&#8221;, expres\u00f3 en el informe entregado a los fiscales Jorge C\u00e1ceres Olivera, Jorge G\u00f3mez y Nelia Vel\u00e1zquez.<br \/>\nAhora, el EFE investigar\u00e1 el contenido de lo escrito en esa hoja y el motivo por el que el hermano llev\u00f3 ese ticket a la c\u00e1rcel.<\/p>\n<p>Nueva defensa para Acu\u00f1a<\/p>\n<p>En las \u00faltimas horas, Marcela Acu\u00f1a nombr\u00f3 como defensora a la abogada Roc\u00edo de Jes\u00fas Ram\u00edrez.<br \/>\nEsa letrada y Ricardo Osuna, representante de Emerenciano, pidieron reprogramar las audiencias de oposici\u00f3n a la prisi\u00f3n preventiva dictada por los fiscales Jorge C\u00e1ceres Olivera, Jorge G\u00f3mez y Nelia Vel\u00e1zquez, que iban a realizarse esta semana ante el juez de garant\u00edas H\u00e9ctor Sandoval.<br \/>\nDe esta manera, el magistrado cambi\u00f3 la fecha de las audiencias para el 2 y 3 de agosto a las 9 de la ma\u00f1ana.<\/p>\n<p>Cautelar presentada por la querella<\/p>\n<p>En tanto, los abogados Juan Arreg\u00edn y Gustavo Briend, representantes de Gloria Romero, madre de Cecilia, pidieron una medida cautelar de inhibici\u00f3n general de bienes ante la fiscal\u00eda de investigaciones.<br \/>\nLos letrados requirieron un informe de bienes inmuebles, automotores, motoveh\u00edculos y lanchas a nombre de los imputados, dado que Gloria formalizar\u00e1 una Acci\u00f3n Civil resarcitoria.<br \/>\n&#8220;La informaci\u00f3n requerida permitir\u00e1 asegurar el cobro del cr\u00e9dito que se reclamar\u00e1, en concepto de da\u00f1os, perjuicios da\u00f1o moral y toda otra indemnizaci\u00f3n que se solicite&#8221;, indicaron en el escrito.<br \/>\nArreg\u00edn dijo a T\u00e9lam que la madre de Cecilia quiere &#8220;regalarle a Resistencia un hospital veterinario y a \u00c1ngela (su otra hija) un refugio para mujeres v\u00edctimas de violencia&#8221;.<br \/>\nFinalmente, los abogados solicitaron que Gendarmer\u00eda Nacional extienda el \u00e1rea de custodia de la mujer &#8220;en todo el territorio nacional&#8221;, debido a que el lunes participar\u00e1 de una marcha en la Casa de Chaco, en la Ciudad de Buenos Aires, y luego viajar\u00e1 a &#8220;varios puntos del pa\u00eds&#8221;.<\/p>\n<p>El caso<\/p>\n<p>Cecilia fue vista por \u00faltima vez a las 9.16 del 2 de junio \u00faltimo, cuando una c\u00e1mara de seguridad registr\u00f3 su ingreso en compa\u00f1\u00eda de su marido a la casa de sus suegros, situada en la calle Santa Mar\u00eda de Oro 1460, de Resistencia.<br \/>\nSeg\u00fan la resoluci\u00f3n de los fiscales, Cecilia fue asesinada entre las 12.13 y las 13.01 en una de las habitaciones de la casa aparentemente por estrangulamiento en momentos en que se hallaba junto a C\u00e9sar, Emerenciano y Acu\u00f1a.<br \/>\nDe acuerdo con la acusaci\u00f3n, su cuerpo fue luego trasladado por C\u00e9sar Sena y un colaborador de la familia, Gustavo Obreg\u00f3n, envuelto en una frazada y a bordo de una camioneta hasta la chancher\u00eda propiedad de los principales imputados, donde fue calcinada.<br \/>\nFinalmente, se cree que sus restos fueron esparcidos en distintos sectores de ese predio, junto a una de las m\u00e1rgenes del R\u00edo Tragadero, donde tiempo atr\u00e1s se encontraron restos de huesos humanos y el viernes pasado otros fragmentos \u00f3seos que debe determinarse a\u00fan de qu\u00e9 son.<br \/>\nAdem\u00e1s de los tres integrantes del denominado clan Sena, por el caso permanecen con prisi\u00f3n preventiva Obreg\u00f3n y su esposa Fabiana Gonz\u00e1lez (ambos asistentes de los Sena) y Gustavo Melgarejo y su mujer Griselda Reinoso (caseros de la familia), quienes est\u00e1n acusados de encubrimiento agravado.<\/p>\n<p>Fuente: T\u00e9lam<\/p>\n","protected":false},"excerpt":{"rendered":"<p>Un mensaje oculto realizado en una hoja con bol\u00edgrafo sin tinta y un comprobante bancario por un mill\u00f3n de pesos, transferidos el a\u00f1o pasado por la fundaci\u00f3n de Emerenciano Sena y Marcela Acu\u00f1a, detenidos por el femicidio de Cecilia Strzyzowski, la joven de 28 a\u00f1os desaparecida desde el 2 de junio en Resistencia, fueron secuestrados [&hellip;]<\/p>\n","protected":false},"author":1,"featured_media":23726,"comment_status":"closed","ping_status":"closed","sticky":false,"template":"","format":"standard","meta":{"footnotes":""},"categories":[6],"tags":[],"class_list":{"0":"post-23725","1":"post","2":"type-post","3":"status-publish","4":"format-standard","5":"has-post-thumbnail","7":"category-chaco"},"_links":{"self":[{"href":"https:\/\/chacosintesis.com.ar\/index.php\/wp-json\/wp\/v2\/posts\/23725","targetHints":{"allow":["GET"]}}],"collection":[{"href":"https:\/\/chacosintesis.com.ar\/index.php\/wp-json\/wp\/v2\/posts"}],"about":[{"href":"https:\/\/chacosintesis.com.ar\/index.php\/wp-json\/wp\/v2\/types\/post"}],"author":[{"embeddable":true,"href":"https:\/\/chacosintesis.com.ar\/index.php\/wp-json\/wp\/v2\/users\/1"}],"replies":[{"embeddable":true,"href":"https:\/\/chacosintesis.com.ar\/index.php\/wp-json\/wp\/v2\/comments?post=23725"}],"version-history":[{"count":0,"href":"https:\/\/chacosintesis.com.ar\/index.php\/wp-json\/wp\/v2\/posts\/23725\/revisions"}],"wp:featuredmedia":[{"embeddable":true,"href":"https:\/\/chacosintesis.com.ar\/index.php\/wp-json\/wp\/v2\/media\/23726"}],"wp:attachment":[{"href":"https:\/\/chacosintesis.com.ar\/index.php\/wp-json\/wp\/v2\/media?parent=23725"}],"wp:term":[{"taxonomy":"category","embeddable":true,"href":"https:\/\/chacosintesis.com.ar\/index.php\/wp-json\/wp\/v2\/categories?post=23725"},{"taxonomy":"post_tag","embeddable":true,"href":"https:\/\/chacosintesis.com.ar\/index.php\/wp-json\/wp\/v2\/tags?post=23725"}],"curies":[{"name":"wp","href":"https:\/\/api.w.org\/{rel}","templated":true}]}}