{"id":23701,"date":"2023-07-12T18:19:24","date_gmt":"2023-07-12T21:19:24","guid":{"rendered":"https:\/\/chacosintesis.com.ar\/?p=23701"},"modified":"2023-07-12T18:37:16","modified_gmt":"2023-07-12T21:37:16","slug":"el-superior-tribunal-de-justicia-y-el-ministerio-publico-fiscal-analizaron-el-funcionamiento-de-fiscalias","status":"publish","type":"post","link":"https:\/\/chacosintesis.com.ar\/index.php\/el-superior-tribunal-de-justicia-y-el-ministerio-publico-fiscal-analizaron-el-funcionamiento-de-fiscalias\/","title":{"rendered":"El Superior Tribunal de Justicia y el Ministerio P\u00fablico Fiscal analizaron el funcionamiento de Fiscal\u00edas"},"content":{"rendered":"<p>Autoridades de la Justicia y el Ejecutivo  abordar diversas cuestiones vinculadas con el funcionamiento del Ministerio P\u00fablico y de qu\u00e9 manera seguir fortaleciendo el ejercicio de la funci\u00f3n judicial y las debidas respuestas a la ciudadan\u00eda.<br \/>\nAutoridades del Superior Tribunal de Justicia (STJ) y del Ministerio P\u00fablico Fiscal se reunieron en el Sal\u00f3n de Acuerdos de la Corte provincial para abordar diversas cuestiones vinculadas con funcionamiento de las fiscal\u00edas de la primera circunscripci\u00f3n judicial<br \/>\nAdem\u00e1s, elaboraron estrategias de trabajo conjunto para seguir fortaleciendo el ejercicio de la funci\u00f3n judicial y las debidas respuestas a la ciudadan\u00eda. Participaron  la presidenta del STJ, Iride Isabel Mar\u00eda Grillo, sus pares V\u00edctor del R\u00edo y Emilia Mar\u00eda Valle; el procurador general, Jorge Canteros, las y los fiscales de investigaci\u00f3n, C\u00e1mara, Narcomenudeo, G\u00e9nero y de equipos coordinadores de la primera circunscripci\u00f3n judicial con cabecera en Resistencia.<br \/>\nLas y los fiscales que estuvieron presentes fueron: Rita Wenner, Ana Gonz\u00e1lez, Rosana Soto, Jorge C\u00e1ceres Olivera, Nelia Vel\u00e1zquez, Roberto Villalba, Fernanda Abraham, Liliana Irala, Noelia Encinas, V\u00edctor Recio, Francisco De Obald\u00eda Eyseric y Vanesa Fonteina Jorge G\u00f3mez, Juan Mart\u00edn Bogado y Sergio C\u00e1ceres Olivera, Graciela Griffith Barreto, Andrea Natalia Lovey Pessano y Mar\u00eda Eugenia Arechavala. Tambi\u00e9n asistieron la directora de la Oficina de Pol\u00edtica Criminal Edita del Palacio y la titular de la Mesa \u00danica de Ingreso e Intervenci\u00f3n Temprana, Laura Vancorbeil.<\/p>\n","protected":false},"excerpt":{"rendered":"<p>Autoridades de la Justicia y el Ejecutivo abordar diversas cuestiones vinculadas con el funcionamiento del Ministerio P\u00fablico y de qu\u00e9 manera seguir fortaleciendo el ejercicio de la funci\u00f3n judicial y las debidas respuestas a la ciudadan\u00eda. Autoridades del Superior Tribunal de Justicia (STJ) y del Ministerio P\u00fablico Fiscal se reunieron en el Sal\u00f3n de Acuerdos [&hellip;]<\/p>\n","protected":false},"author":1,"featured_media":23702,"comment_status":"closed","ping_status":"closed","sticky":false,"template":"","format":"standard","meta":{"footnotes":""},"categories":[6],"tags":[],"class_list":{"0":"post-23701","1":"post","2":"type-post","3":"status-publish","4":"format-standard","5":"has-post-thumbnail","7":"category-chaco"},"_links":{"self":[{"href":"https:\/\/chacosintesis.com.ar\/index.php\/wp-json\/wp\/v2\/posts\/23701","targetHints":{"allow":["GET"]}}],"collection":[{"href":"https:\/\/chacosintesis.com.ar\/index.php\/wp-json\/wp\/v2\/posts"}],"about":[{"href":"https:\/\/chacosintesis.com.ar\/index.php\/wp-json\/wp\/v2\/types\/post"}],"author":[{"embeddable":true,"href":"https:\/\/chacosintesis.com.ar\/index.php\/wp-json\/wp\/v2\/users\/1"}],"replies":[{"embeddable":true,"href":"https:\/\/chacosintesis.com.ar\/index.php\/wp-json\/wp\/v2\/comments?post=23701"}],"version-history":[{"count":0,"href":"https:\/\/chacosintesis.com.ar\/index.php\/wp-json\/wp\/v2\/posts\/23701\/revisions"}],"wp:featuredmedia":[{"embeddable":true,"href":"https:\/\/chacosintesis.com.ar\/index.php\/wp-json\/wp\/v2\/media\/23702"}],"wp:attachment":[{"href":"https:\/\/chacosintesis.com.ar\/index.php\/wp-json\/wp\/v2\/media?parent=23701"}],"wp:term":[{"taxonomy":"category","embeddable":true,"href":"https:\/\/chacosintesis.com.ar\/index.php\/wp-json\/wp\/v2\/categories?post=23701"},{"taxonomy":"post_tag","embeddable":true,"href":"https:\/\/chacosintesis.com.ar\/index.php\/wp-json\/wp\/v2\/tags?post=23701"}],"curies":[{"name":"wp","href":"https:\/\/api.w.org\/{rel}","templated":true}]}}