{"id":23697,"date":"2023-07-12T18:07:58","date_gmt":"2023-07-12T21:07:58","guid":{"rendered":"https:\/\/chacosintesis.com.ar\/?p=23697"},"modified":"2023-07-12T18:37:14","modified_gmt":"2023-07-12T21:37:14","slug":"inclusion-educativa-se-inauguro-la-refaccion-integral-del-edificio-de-la-eep-no-354-la-ees-no-145-y-la-epa-no-30-de-saenz-pena","status":"publish","type":"post","link":"https:\/\/chacosintesis.com.ar\/index.php\/inclusion-educativa-se-inauguro-la-refaccion-integral-del-edificio-de-la-eep-no-354-la-ees-no-145-y-la-epa-no-30-de-saenz-pena\/","title":{"rendered":"Inclusi\u00f3n educativa: se inaugur\u00f3 la refacci\u00f3n integral del edificio de la EEP N\u00ba 354, la EES N\u00ba 145 y la EPA N\u00ba 30 de S\u00e1enz Pe\u00f1a"},"content":{"rendered":"<p>El gobierno invirti\u00f3 casi $90.000.000 en la intervenci\u00f3n del edificio escolar. Tambi\u00e9n se recorri\u00f3 la obra de la EEP N\u00ba 37, finalizada en marzo pasado. En la reuni\u00f3n con la comunidad educativa de la EEP N\u00ba 330 se inform\u00f3 que la licitaci\u00f3n ser\u00e1 en agosto.<br \/>\nLa comunidad educativa de Presidencia Roque S\u00e1enz Pe\u00f1a hoy celebr\u00f3 la inauguraci\u00f3n de la refacci\u00f3n integral del edificio escolar, donde funcionan la EEP N\u00ba 354 \u201cLuz y Fuerza\u201d, la EES N\u00ba 145 \u201cAna Brunner\u201d y la EPA N\u00ba 30, instituciones que suman 1.029 estudiantes en su matr\u00edcula. El acto estuvo presidido por el gobernador Jorge Capitanich, quien destac\u00f3 que \u201cen lo que va de la gesti\u00f3n estamos interviniendo 68 establecimientos educativos, y queremos llegar a m\u00e1s de 100 en el pr\u00f3ximo mes. Ya tenemos 180 edificios nuevos o refaccionados a nuevo y cerca de 500 obras de car\u00e1cter parcial\u201d.<br \/>\nEl mandatario enumer\u00f3 las pol\u00edticas p\u00fablicas para garantizar m\u00e1s y mejor educaci\u00f3n, como la jornada extendida en el Nivel Primario, con \u201cm\u00e1s de 38 d\u00edas de clases y a su vez el ingreso al sistema de alimentaci\u00f3n escolar, que cubre a 250.000 estudiantes en toda la provincia\u201d, remarc\u00f3. \u201cLa pavimentaci\u00f3n de la calle 341 permiti\u00f3 mejorar la accesibilidad a la escuela, en el marco de m\u00e1s de 500 cuadras de pavimento urbano que fueron financiadas por el Estado Provincial a trav\u00e9s de los distintos mandatos, lo que signific\u00f3 un cambio en la fisonom\u00eda urbana de S\u00e1enz Pe\u00f1a\u201d, destac\u00f3 Capitanich.<br \/>\nLa intervenci\u00f3n en el edificio escolar demand\u00f3 una inversi\u00f3n de $89.823.973, ejecutada por la empresa constructora Taller I SRL y el financiamiento del Ministerio de Planificaci\u00f3n, Econom\u00eda e Infraestructura del Chaco. La obra consisti\u00f3 en mejorar y reemplazar la estructura del edificio ubicado en la calle 341, entre Chubut y Eva Per\u00f3n. Los trabajos se realizaron en la sustituci\u00f3n de la cubierta, pintura general, reemplazo de aberturas, mejoras en instalaciones sanitarias y de electricidad para brindar a las comunidades educativas que conviven all\u00ed aulas seguras, limpias y adecuadas para la educaci\u00f3n.<br \/>\nAdem\u00e1s de los establecimientos educativos mencionados, este edificio escolar alberga a la Biblioteca Escolar N\u00b0 376 \u201cRam\u00f3n Far\u00edas\u201d; la EPA N\u00b0 60; y el anexo de la EEP N\u00b0 64 \u201cLuis Trist\u00e1n Iglesias\u201d, ubicada en Lote 23 Colonia Bernardino Rivadavia.<br \/>\n\u201cEs importante destacar en 40 a\u00f1os de democracia: primero, la educaci\u00f3n en jardines de infantes y sala de 5 a\u00f1os del 30% hace 40 a\u00f1os, hoy es del 100%, junto a la sala de cuatro a\u00f1os y esto era inexistente hace 40 a\u00f1os; sala de tres a\u00f1os estamos en el 50%\u201d, detall\u00f3 Capitanich. Y a\u00f1adi\u00f3: \u201cEn segundo lugar, la educaci\u00f3n secundaria no marcaba m\u00e1s del 30 o 40% hace 40 a\u00f1os, por lo que estudiar era azaroso y hoy el 90% de las y los j\u00f3venes puede estudiar y en la educaci\u00f3n primaria tenemos el 100% de las chicas y chicos; antes era el 70%. Lo que quiero demostrar con esto es que mejor\u00f3 la inclusi\u00f3n social educativa, gratuita y obligatoria; ahora nos falta m\u00e1s equidad y m\u00e1s calidad\u201d.<br \/>\nAcompa\u00f1aron al gobernador en esta actividad los ministros de Educaci\u00f3n, Aldo Lineras y de Econom\u00eda, Santiago P\u00e9rez Pons.<br \/>\nObra a reacondicionar<br \/>\nEn esta visita a la ciudad Termal, se realiz\u00f3 la recorrida por la refacci\u00f3n de la EEP N\u00ba 37 \u201cJuan Mamerto Garro\u201d, donde las autoridades se reunieron con las y los docentes de la instituci\u00f3n. Vale recordar que la obra de esta escuela fue entregada en marzo pasado por la empresa Hovicen SA y se invirtieron $28.667.491,31 de fondos provinciales del Ministerio de Educaci\u00f3n.<br \/>\nDespu\u00e9s de entregado el edificio escolar, la comunidad educativa identific\u00f3 inconvenientes en los sanitarios, donde las separaciones entre los ba\u00f1os de ni\u00f1as y ni\u00f1os quedaron muy altas y no alcanzan a brindar intimidad a los usuarios. El ministro ya solicit\u00f3 la modificaci\u00f3n urgente de las separaciones y la empresa lo realizar\u00e1 en el corto plazo; de todas maneras, el cuerpo docente garantiza que los ni\u00f1os y ni\u00f1as asistan de manera individual a los sanitarios, hasta tanto se resuelva esta situaci\u00f3n.<br \/>\nLa EEP N\u00ba 37 es una escuela primaria con una matr\u00edcula de 644 ni\u00f1as y ni\u00f1os, que en este ciclo lectivo vivi\u00f3 un crecimiento considerable en el primer grado, lo que oblig\u00f3 a las autoridades a desdoblar el curso. Gracias a las gestiones en la cartera educativa, hoy los nuevos ni\u00f1os y ni\u00f1as que est\u00e1n en primer grado cuentan con una maestra de grado m\u00e1s, que puede cubrir sus necesidades educativas.<br \/>\nObra a licitarse<br \/>\nEl gobernador Capitanich anunci\u00f3 a la comunidad de la EEP N\u00ba 330 \u201cConcejal Filomeno Braconne\u201d que el pr\u00f3ximo 4 agosto se licitar\u00e1 la obra de refacci\u00f3n integral del edificio, una demanda muy anhelada por esta instituci\u00f3n.<br \/>\nEsta obra se basar\u00e1 en la refacci\u00f3n integral de este edificio que presenta un marcado deterioro. En este sentido, el proyecto de intervenci\u00f3n planteado incluye 12 aulas, un taller, dos sectores de sanitarios, sal\u00f3n de usos m\u00faltiples, sector de cocina y dep\u00f3sito, oficinas de administraci\u00f3n y una biblioteca con sal\u00f3n multimedia.<br \/>\nVale recordar que la EEP N\u00ba 330 fue creada el 30 de julio de 1937 y comenz\u00f3 a funcionar el 27 de agosto del mismo a\u00f1o con 29 ni\u00f1os inscriptos, en un peque\u00f1o local situado en Quinta N\u00b0 255, cedido gratuitamente al Consejo Nacional de Educaci\u00f3n, por Eusebio Soriano. Ante la falta de un edificio propio, el artista saenzpe\u00f1ense, Roberto Braccone, don\u00f3 un terreno para la construcci\u00f3n del establecimiento educativo, el mismo fue inaugurado en agosto de 1981 con el nombre de su padre \u201cConcejal Filomeno Braccone\u201d.<br \/>\nEste a\u00f1o la instituci\u00f3n cumple 86 a\u00f1os de vida y tiene una matr\u00edcula de 389 estudiantes provenientes de los barrios San Carlos, Matadero, Evita, N\u00e9stor Kirchner, Barrio Nuevo, Primero de Mayo, Mitre, Pampa Napenay, Excaesa y Aeroclub. Adem\u00e1s de la escuela primaria, aqu\u00ed funciona el anexo Jard\u00edn de Infantes EEP N\u00ba 330, con 89 ni\u00f1as y ni\u00f1os; y la Biblioteca Escolar N\u00ba 373.<br \/>\nInversi\u00f3n en la Termal<br \/>\nEl gobernador destac\u00f3 la inversi\u00f3n en infraestructura realizada para la ciudad de S\u00e1enz Pe\u00f1a, con obras como la refacci\u00f3n integral del Hotel Gualok, los ba\u00f1os termales y la transferencia del Cine Teatro Espa\u00f1ol al municipio termal; la autov\u00eda de la Ruta Nacional N\u00ba 16 y la Ruta Provincial N\u00ba 95; el plan de 2.000 viviendas; la Iglesia Barrio Mataderos; la Alcaid\u00eda; el primer edificio multifamiliar de viviendas de Procrear II; la refacci\u00f3n de tres comisar\u00edas de las seis existentes; el Segundo Acueducto; la inversi\u00f3n en los clubes deportivos y centros de salud y la Estaci\u00f3n de Bombeo 7 y el Electroducto NEA &#8211; NOA, por mencionar algunas.<\/p>\n","protected":false},"excerpt":{"rendered":"<p>El gobierno invirti\u00f3 casi $90.000.000 en la intervenci\u00f3n del edificio escolar. Tambi\u00e9n se recorri\u00f3 la obra de la EEP N\u00ba 37, finalizada en marzo pasado. En la reuni\u00f3n con la comunidad educativa de la EEP N\u00ba 330 se inform\u00f3 que la licitaci\u00f3n ser\u00e1 en agosto. La comunidad educativa de Presidencia Roque S\u00e1enz Pe\u00f1a hoy celebr\u00f3 [&hellip;]<\/p>\n","protected":false},"author":1,"featured_media":23698,"comment_status":"closed","ping_status":"closed","sticky":false,"template":"","format":"standard","meta":{"footnotes":""},"categories":[6],"tags":[],"class_list":{"0":"post-23697","1":"post","2":"type-post","3":"status-publish","4":"format-standard","5":"has-post-thumbnail","7":"category-chaco"},"_links":{"self":[{"href":"https:\/\/chacosintesis.com.ar\/index.php\/wp-json\/wp\/v2\/posts\/23697","targetHints":{"allow":["GET"]}}],"collection":[{"href":"https:\/\/chacosintesis.com.ar\/index.php\/wp-json\/wp\/v2\/posts"}],"about":[{"href":"https:\/\/chacosintesis.com.ar\/index.php\/wp-json\/wp\/v2\/types\/post"}],"author":[{"embeddable":true,"href":"https:\/\/chacosintesis.com.ar\/index.php\/wp-json\/wp\/v2\/users\/1"}],"replies":[{"embeddable":true,"href":"https:\/\/chacosintesis.com.ar\/index.php\/wp-json\/wp\/v2\/comments?post=23697"}],"version-history":[{"count":0,"href":"https:\/\/chacosintesis.com.ar\/index.php\/wp-json\/wp\/v2\/posts\/23697\/revisions"}],"wp:featuredmedia":[{"embeddable":true,"href":"https:\/\/chacosintesis.com.ar\/index.php\/wp-json\/wp\/v2\/media\/23698"}],"wp:attachment":[{"href":"https:\/\/chacosintesis.com.ar\/index.php\/wp-json\/wp\/v2\/media?parent=23697"}],"wp:term":[{"taxonomy":"category","embeddable":true,"href":"https:\/\/chacosintesis.com.ar\/index.php\/wp-json\/wp\/v2\/categories?post=23697"},{"taxonomy":"post_tag","embeddable":true,"href":"https:\/\/chacosintesis.com.ar\/index.php\/wp-json\/wp\/v2\/tags?post=23697"}],"curies":[{"name":"wp","href":"https:\/\/api.w.org\/{rel}","templated":true}]}}