{"id":23691,"date":"2023-07-12T18:01:04","date_gmt":"2023-07-12T21:01:04","guid":{"rendered":"https:\/\/chacosintesis.com.ar\/?p=23691"},"modified":"2023-07-12T18:07:18","modified_gmt":"2023-07-12T21:07:18","slug":"comerciantes-frentistas-de-la-autovia-de-la-ruta-nacional-11-destacaron-el-mejoramiento-logistico-y-comercial","status":"publish","type":"post","link":"https:\/\/chacosintesis.com.ar\/index.php\/comerciantes-frentistas-de-la-autovia-de-la-ruta-nacional-11-destacaron-el-mejoramiento-logistico-y-comercial\/","title":{"rendered":"Comerciantes frentistas de la autov\u00eda de la ruta Nacional 11 destacaron el mejoramiento log\u00edstico y comercial"},"content":{"rendered":"<p>El gobernador Jorge Capitanich se reuni\u00f3 este martes con comerciantes frentistas de la Autov\u00eda de la ruta nacional 11 para diagramar en conjunto una agenda de temas que hacen a la seguridad en la zona y el mejoramiento de los servicios p\u00fablicos, as\u00ed como tambi\u00e9n la promoci\u00f3n de l\u00edneas de cr\u00e9dito al sector y la aplicaci\u00f3n de energ\u00edas renovables. \u201cRealmente fueron reuniones muy buenas porque pudimos trabajar una agenda muy detallada, ya que lo vecinos se expresan de una manera clara respecto a los problemas y las demandas, y c\u00f3mo nosotros podemos contribuir desde el Estado y mejorar esta situaci\u00f3n\u201d, expres\u00f3 el mandatario, quien estuvo acompa\u00f1ado por el ministro de Producci\u00f3n, Industria y Empleo. La reuni\u00f3n tuvo como eje recabar informaci\u00f3n y demandas de los comerciantes frentistas de la avenida de la Democracia, recientemente inaugurada por el presidente de la Naci\u00f3n, Alberto Fern\u00e1ndez, y que trajo consigo una mejora estructural tanto para el tr\u00e1nsito como para la actividad comercial. La misma fue promovida por la C\u00e1mara de Comercio de Resistencia, con el fin de echar luz sobre las necesidades de sus afiliados. En este sentido, el representante de la empresa OCA Log\u00edstica, Fabio Navarro, coment\u00f3 que \u201cla reuni\u00f3n fue muy constructiva porque se trataron cuestiones que padecemos diariamente, sobre todo en el tema de la seguridad y los servicios p\u00fablicos, y sobre los cambios que trajo aparejado en la zona la inauguraci\u00f3n de la Autov\u00eda\u201d. El empresario tambi\u00e9n hizo menci\u00f3n acerca de los avances que se realizaron en materia de l\u00edneas de cr\u00e9dito para los comercios, as\u00ed como tambi\u00e9n la utilizaci\u00f3n de energ\u00edas renovables en el sector. \u201cTodos los socios de la C\u00e1mara que son empresarios y frentistas plantearon sus ideas al gobernador, sobre sus demandas y necesidades, y juntos realmente construimos una agenda a seguir de cara al futuro para seguir mejorando\u201d, finaliz\u00f3. Estuvieron presentes el presidente de la Comisi\u00f3n de Industria y Comercio de la Legislatura, diputado Roberto Acosta; el subsecretario de Empleo, Lucas Cepeda; el subsecretario de Asuntos Registrales, Eduardo Colombo; la subsecretaria de Comercio Exterior y Defensa de la Competencia, Ludmila Voloj; el secretario General de FECHACO, Ernesto Scaglia, y el vicepresidente primero, Pablo Ruzak.<\/p>\n","protected":false},"excerpt":{"rendered":"<p>El gobernador Jorge Capitanich se reuni\u00f3 este martes con comerciantes frentistas de la Autov\u00eda de la ruta nacional 11 para diagramar en conjunto una agenda de temas que hacen a la seguridad en la zona y el mejoramiento de los servicios p\u00fablicos, as\u00ed como tambi\u00e9n la promoci\u00f3n de l\u00edneas de cr\u00e9dito al sector y la [&hellip;]<\/p>\n","protected":false},"author":1,"featured_media":23692,"comment_status":"closed","ping_status":"closed","sticky":false,"template":"","format":"standard","meta":{"footnotes":""},"categories":[6],"tags":[],"class_list":{"0":"post-23691","1":"post","2":"type-post","3":"status-publish","4":"format-standard","5":"has-post-thumbnail","7":"category-chaco"},"_links":{"self":[{"href":"https:\/\/chacosintesis.com.ar\/index.php\/wp-json\/wp\/v2\/posts\/23691","targetHints":{"allow":["GET"]}}],"collection":[{"href":"https:\/\/chacosintesis.com.ar\/index.php\/wp-json\/wp\/v2\/posts"}],"about":[{"href":"https:\/\/chacosintesis.com.ar\/index.php\/wp-json\/wp\/v2\/types\/post"}],"author":[{"embeddable":true,"href":"https:\/\/chacosintesis.com.ar\/index.php\/wp-json\/wp\/v2\/users\/1"}],"replies":[{"embeddable":true,"href":"https:\/\/chacosintesis.com.ar\/index.php\/wp-json\/wp\/v2\/comments?post=23691"}],"version-history":[{"count":0,"href":"https:\/\/chacosintesis.com.ar\/index.php\/wp-json\/wp\/v2\/posts\/23691\/revisions"}],"wp:featuredmedia":[{"embeddable":true,"href":"https:\/\/chacosintesis.com.ar\/index.php\/wp-json\/wp\/v2\/media\/23692"}],"wp:attachment":[{"href":"https:\/\/chacosintesis.com.ar\/index.php\/wp-json\/wp\/v2\/media?parent=23691"}],"wp:term":[{"taxonomy":"category","embeddable":true,"href":"https:\/\/chacosintesis.com.ar\/index.php\/wp-json\/wp\/v2\/categories?post=23691"},{"taxonomy":"post_tag","embeddable":true,"href":"https:\/\/chacosintesis.com.ar\/index.php\/wp-json\/wp\/v2\/tags?post=23691"}],"curies":[{"name":"wp","href":"https:\/\/api.w.org\/{rel}","templated":true}]}}