{"id":23687,"date":"2023-07-12T09:31:16","date_gmt":"2023-07-12T12:31:16","guid":{"rendered":"https:\/\/chacosintesis.com.ar\/?p=23687"},"modified":"2023-07-12T09:37:01","modified_gmt":"2023-07-12T12:37:01","slug":"dos-jovenes-fallecieron-al-chocar-contra-un-camion-sobre-la-ruta-nacional-95","status":"publish","type":"post","link":"https:\/\/chacosintesis.com.ar\/index.php\/dos-jovenes-fallecieron-al-chocar-contra-un-camion-sobre-la-ruta-nacional-95\/","title":{"rendered":"Dos j\u00f3venes fallecieron al chocar contra un cami\u00f3n sobre la ruta nacional 95"},"content":{"rendered":"<p>El siniestro vial ocurri\u00f3 anoche en la Ruta Nacional 95. Se investigan los detalles acerca del or\u00edgen del siniestro vial en el que perdieron la vida dos j\u00f3venes que viajaban en una motocicleta al impactar contra un cami\u00f3n.<\/p>\n<p>Efectivos de la Comisar\u00eda de Coronel Du Graty tomaron conocimiento mediante llamado telef\u00f3nico, que a las 2.30 de la ma\u00f1ana habr\u00eda ocurrido un siniestro vial sobre la Ruta Nacional 95 distante a unos 15 kil\u00f3metros de la ciudad.<br \/>\nSeg\u00fan inform\u00f3 la Polic\u00eda del Chaco, a su arribo los agentes constataron que los involucrados en el siniestro vial eran un Cami\u00f3n Iveco conducido por un joven de 24 a\u00f1os oriundo de la provincia de Santa Fe, mientras que la otra parte ser\u00eda una motocicleta marca Corven. En la motocicleta viajaban dos hombres, quienes perdieron la vida en el acto a causa del siniestro vial.<br \/>\nSe dio intervenci\u00f3n a la fiscal\u00eda en turno y se instruyeron actuaciones por supuesto homicidio culposo en accidente de tr\u00e1nsito. En el lugar trabajaron personal del Gabinete Cient\u00edfico y Divisi\u00f3n Criminal\u00edstica. Hasta el momento no fue posible la identificaci\u00f3n de los fallecidos.<\/p>\n","protected":false},"excerpt":{"rendered":"<p>El siniestro vial ocurri\u00f3 anoche en la Ruta Nacional 95. Se investigan los detalles acerca del or\u00edgen del siniestro vial en el que perdieron la vida dos j\u00f3venes que viajaban en una motocicleta al impactar contra un cami\u00f3n. Efectivos de la Comisar\u00eda de Coronel Du Graty tomaron conocimiento mediante llamado telef\u00f3nico, que a las 2.30 [&hellip;]<\/p>\n","protected":false},"author":1,"featured_media":23688,"comment_status":"closed","ping_status":"closed","sticky":false,"template":"","format":"standard","meta":{"footnotes":""},"categories":[6],"tags":[197],"class_list":{"0":"post-23687","1":"post","2":"type-post","3":"status-publish","4":"format-standard","5":"has-post-thumbnail","7":"category-chaco","8":"tag-destacada"},"_links":{"self":[{"href":"https:\/\/chacosintesis.com.ar\/index.php\/wp-json\/wp\/v2\/posts\/23687","targetHints":{"allow":["GET"]}}],"collection":[{"href":"https:\/\/chacosintesis.com.ar\/index.php\/wp-json\/wp\/v2\/posts"}],"about":[{"href":"https:\/\/chacosintesis.com.ar\/index.php\/wp-json\/wp\/v2\/types\/post"}],"author":[{"embeddable":true,"href":"https:\/\/chacosintesis.com.ar\/index.php\/wp-json\/wp\/v2\/users\/1"}],"replies":[{"embeddable":true,"href":"https:\/\/chacosintesis.com.ar\/index.php\/wp-json\/wp\/v2\/comments?post=23687"}],"version-history":[{"count":0,"href":"https:\/\/chacosintesis.com.ar\/index.php\/wp-json\/wp\/v2\/posts\/23687\/revisions"}],"wp:featuredmedia":[{"embeddable":true,"href":"https:\/\/chacosintesis.com.ar\/index.php\/wp-json\/wp\/v2\/media\/23688"}],"wp:attachment":[{"href":"https:\/\/chacosintesis.com.ar\/index.php\/wp-json\/wp\/v2\/media?parent=23687"}],"wp:term":[{"taxonomy":"category","embeddable":true,"href":"https:\/\/chacosintesis.com.ar\/index.php\/wp-json\/wp\/v2\/categories?post=23687"},{"taxonomy":"post_tag","embeddable":true,"href":"https:\/\/chacosintesis.com.ar\/index.php\/wp-json\/wp\/v2\/tags?post=23687"}],"curies":[{"name":"wp","href":"https:\/\/api.w.org\/{rel}","templated":true}]}}