{"id":23679,"date":"2023-07-11T20:09:16","date_gmt":"2023-07-11T23:09:16","guid":{"rendered":"https:\/\/chacosintesis.com.ar\/?p=23679"},"modified":"2023-07-11T20:36:47","modified_gmt":"2023-07-11T23:36:47","slug":"por-decision-unanime-destituyen-a-laura-buyatti-como-jueza-de-villa-angela","status":"publish","type":"post","link":"https:\/\/chacosintesis.com.ar\/index.php\/por-decision-unanime-destituyen-a-laura-buyatti-como-jueza-de-villa-angela\/","title":{"rendered":"Por decisi\u00f3n un\u00e1nime, destituyen a Laura Buyatti como jueza de Villa \u00c1ngela"},"content":{"rendered":"<p>Estaba a cargo del Juzgado de  Ni\u00f1ez, Adolescencia y Familia N\u00b0 1 de esa ciudad.<\/p>\n<p>Laura Buyatti fue destituida de su cargo de jueza de Ni\u00f1ez, Adolescencia y Familia N\u00b0 1 de Villa \u00c1ngela en decisi\u00f3n un\u00e1nime del tribunal de jury del Consejo de la Magistratura y Jurado de Enjuiciamiento del Chaco. El \u00f3rgano constitucional la encontr\u00f3 culpable de los hechos imputados calificados como: falta, prevista en el art\u00edculo 8, inciso \u201cf\u201d, de la Ley 33-B, que contempla la \u201cconducta incompatible con la dignidad que el estado judicial impone\u201d, bajo el marco del est\u00e1ndar de \u201cmal desempe\u00f1o\u201d; ambas calificaciones en concordancia con los art\u00edculos 154 y 170 de la Constituci\u00f3n de la Provincia del Chaco (1957-1994), se inform\u00f3 desde el \u00e1rea de prensa del Superior Tribunal de Justicia.<br \/>\nEl tribunal del Jurado de Enjuiciamiento estuvo compuesto por H\u00e9ctor Daniel Zalazar (presidente), Iride Isabel Mar\u00eda Grillo, Gloria Beatriz Zalazar, Ana Mariela Kassor, Jessica Ayala, Edgardo Gabriel Reguera y Carim Peche. La acusaci\u00f3n corri\u00f3 por cuenta del procurador general Jorge Canteros y el procurador general adjunto Miguel Fonteina, y la defensa estuvo a cargo de Armando Aquino Britos y Hugo Marcelo Ch\u00e1vez.<br \/>\nResumen de los hechos<\/p>\n<p>Buyatti lleg\u00f3 acusada ante el CMyJE en el expediente 279\/23 \u201cSe\u00f1ores Procurador General y Procurador General Adjunto S \/ Acusaci\u00f3n C\/ Dra. Laura Ver\u00f3nica Buyatti Jueza de Ni\u00f1ez Adolescencia y Familia N\u00b0 1 de Villa \u00c1ngela\u201d a partir del intercambio de llamadas telef\u00f3nicas y audios que mantuvo con el alba\u00f1il Marcelo Acosta el 21 de diciembre de 2022. El 22 de diciembre el equipo fiscal conformado por Gisela O\u00f1uk y Sergio R\u00edos formul\u00f3 de oficio requerimiento de investigaci\u00f3n jurisdiccional contra ella.<br \/>\nEl 26 de ese mes el Juzgado de Garant\u00edas de Villa \u00c1ngela comenz\u00f3 la investigaci\u00f3n sumaria que finaliz\u00f3 el 4 de enero de este a\u00f1o y envi\u00f3 las actuaciones a la Procuraci\u00f3n General para que ejerza las facultades conferidas en la ley 33-B.<br \/>\nEl 8 de febrero, la Procuraci\u00f3n General present\u00f3 la denuncia a instancias de lo solicitado por el Superior Tribunal de Justicia. El 7 de marzo el Consejo de la Magistratura admiti\u00f3 la acusaci\u00f3n a trav\u00e9s de la resoluci\u00f3n 332\/23 y suspendi\u00f3 a Buyatti de manera preventiva.<br \/>\nLa primera jornada del jury tuvo lugar el 23 de mayo. En esa ocasi\u00f3n fue le\u00edda la acusaci\u00f3n completa, se incorporaron pruebas instrumentales e informativas y declararon seis testigos ofrecidos tanto por la acusaci\u00f3n como por la defensa. En los alegatos realizados el 31 de mayo el Ministerio P\u00fablico Fiscal solicit\u00f3 que la magistrada sea destituida y la defensa pidi\u00f3 la absoluci\u00f3n.<\/p>\n","protected":false},"excerpt":{"rendered":"<p>Estaba a cargo del Juzgado de Ni\u00f1ez, Adolescencia y Familia N\u00b0 1 de esa ciudad. Laura Buyatti fue destituida de su cargo de jueza de Ni\u00f1ez, Adolescencia y Familia N\u00b0 1 de Villa \u00c1ngela en decisi\u00f3n un\u00e1nime del tribunal de jury del Consejo de la Magistratura y Jurado de Enjuiciamiento del Chaco. El \u00f3rgano constitucional [&hellip;]<\/p>\n","protected":false},"author":1,"featured_media":23680,"comment_status":"closed","ping_status":"closed","sticky":false,"template":"","format":"standard","meta":{"footnotes":""},"categories":[6],"tags":[],"class_list":{"0":"post-23679","1":"post","2":"type-post","3":"status-publish","4":"format-standard","5":"has-post-thumbnail","7":"category-chaco"},"_links":{"self":[{"href":"https:\/\/chacosintesis.com.ar\/index.php\/wp-json\/wp\/v2\/posts\/23679","targetHints":{"allow":["GET"]}}],"collection":[{"href":"https:\/\/chacosintesis.com.ar\/index.php\/wp-json\/wp\/v2\/posts"}],"about":[{"href":"https:\/\/chacosintesis.com.ar\/index.php\/wp-json\/wp\/v2\/types\/post"}],"author":[{"embeddable":true,"href":"https:\/\/chacosintesis.com.ar\/index.php\/wp-json\/wp\/v2\/users\/1"}],"replies":[{"embeddable":true,"href":"https:\/\/chacosintesis.com.ar\/index.php\/wp-json\/wp\/v2\/comments?post=23679"}],"version-history":[{"count":0,"href":"https:\/\/chacosintesis.com.ar\/index.php\/wp-json\/wp\/v2\/posts\/23679\/revisions"}],"wp:featuredmedia":[{"embeddable":true,"href":"https:\/\/chacosintesis.com.ar\/index.php\/wp-json\/wp\/v2\/media\/23680"}],"wp:attachment":[{"href":"https:\/\/chacosintesis.com.ar\/index.php\/wp-json\/wp\/v2\/media?parent=23679"}],"wp:term":[{"taxonomy":"category","embeddable":true,"href":"https:\/\/chacosintesis.com.ar\/index.php\/wp-json\/wp\/v2\/categories?post=23679"},{"taxonomy":"post_tag","embeddable":true,"href":"https:\/\/chacosintesis.com.ar\/index.php\/wp-json\/wp\/v2\/tags?post=23679"}],"curies":[{"name":"wp","href":"https:\/\/api.w.org\/{rel}","templated":true}]}}