{"id":23675,"date":"2023-07-10T22:11:02","date_gmt":"2023-07-11T01:11:02","guid":{"rendered":"https:\/\/chacosintesis.com.ar\/?p=23675"},"modified":"2023-07-10T22:36:44","modified_gmt":"2023-07-11T01:36:44","slug":"el-centro-y-sur-del-chaco-con-alerta-por-tormentas","status":"publish","type":"post","link":"https:\/\/chacosintesis.com.ar\/index.php\/el-centro-y-sur-del-chaco-con-alerta-por-tormentas\/","title":{"rendered":"El centro y sur del Chaco con alerta por tormentas"},"content":{"rendered":"<p>Para el mi\u00e9rcoles, se estiman valores totales de precipitaci\u00f3n entre 40 y 60 mm, pudiendo ser superados de forma puntual.<br \/>\nEl Servicio Meteorol\u00f3gico Nacional emiti\u00f3 un alerta amarillo por tormentas fuertes para este mi\u00e9rcoles en la zona centro y sur de la provincia del Chaco. Seg\u00fan indicaron, se podr\u00edan producir r\u00e1fagas, actividad el\u00e9ctrica con ocasional ca\u00edda de granizo y abundante ca\u00edda de agua en cortos per\u00edodos.<br \/>\nSeg\u00fan mencion\u00f3 el organismo, el alerta est\u00e1 previsto para el mi\u00e9rcoles por la ma\u00f1ana. \u201cEl \u00e1rea ser\u00e1 afectada por tormentas de variada intensidad, pudiendo ser algunas localmente fuertes\u201d, se\u00f1alaron.<br \/>\n\u201cSe espera que las mismas est\u00e9n acompa\u00f1adas por r\u00e1fagas, intensa actividad el\u00e9ctrica, ocasional ca\u00edda de granizo y fundamentalmente abundante ca\u00edda de agua en cortos periodos\u201d, describieron. Adem\u00e1s, mencionaron que se estiman valores totales de precipitaci\u00f3n entre 40 y 60 mm, pudiendo ser superados de forma puntual.<br \/>\nEntre los departamentos afectados, el SMN mencion\u00f3 a Chacabuco, Comandante Fern\u00e1ndez, 12 de Octubre, 2 de Abril, Fray Justo Santa Mar\u00eda de Oro, General Belgrano e Independencia.<br \/>\nTambi\u00e9n Libertador General San Mart\u00edn, Mayor Luis Jorge Fontana, 9 de Julio, O&#8217;Higgins, Presidencia de la Plaza, Quitilipi, San Lorenzo, Sargento Cabral, Tapenag\u00e1 y 25 de Mayo.<\/p>\n","protected":false},"excerpt":{"rendered":"<p>Para el mi\u00e9rcoles, se estiman valores totales de precipitaci\u00f3n entre 40 y 60 mm, pudiendo ser superados de forma puntual. El Servicio Meteorol\u00f3gico Nacional emiti\u00f3 un alerta amarillo por tormentas fuertes para este mi\u00e9rcoles en la zona centro y sur de la provincia del Chaco. Seg\u00fan indicaron, se podr\u00edan producir r\u00e1fagas, actividad el\u00e9ctrica con ocasional [&hellip;]<\/p>\n","protected":false},"author":1,"featured_media":23676,"comment_status":"closed","ping_status":"closed","sticky":false,"template":"","format":"standard","meta":{"footnotes":""},"categories":[6],"tags":[],"class_list":{"0":"post-23675","1":"post","2":"type-post","3":"status-publish","4":"format-standard","5":"has-post-thumbnail","7":"category-chaco"},"_links":{"self":[{"href":"https:\/\/chacosintesis.com.ar\/index.php\/wp-json\/wp\/v2\/posts\/23675","targetHints":{"allow":["GET"]}}],"collection":[{"href":"https:\/\/chacosintesis.com.ar\/index.php\/wp-json\/wp\/v2\/posts"}],"about":[{"href":"https:\/\/chacosintesis.com.ar\/index.php\/wp-json\/wp\/v2\/types\/post"}],"author":[{"embeddable":true,"href":"https:\/\/chacosintesis.com.ar\/index.php\/wp-json\/wp\/v2\/users\/1"}],"replies":[{"embeddable":true,"href":"https:\/\/chacosintesis.com.ar\/index.php\/wp-json\/wp\/v2\/comments?post=23675"}],"version-history":[{"count":0,"href":"https:\/\/chacosintesis.com.ar\/index.php\/wp-json\/wp\/v2\/posts\/23675\/revisions"}],"wp:featuredmedia":[{"embeddable":true,"href":"https:\/\/chacosintesis.com.ar\/index.php\/wp-json\/wp\/v2\/media\/23676"}],"wp:attachment":[{"href":"https:\/\/chacosintesis.com.ar\/index.php\/wp-json\/wp\/v2\/media?parent=23675"}],"wp:term":[{"taxonomy":"category","embeddable":true,"href":"https:\/\/chacosintesis.com.ar\/index.php\/wp-json\/wp\/v2\/categories?post=23675"},{"taxonomy":"post_tag","embeddable":true,"href":"https:\/\/chacosintesis.com.ar\/index.php\/wp-json\/wp\/v2\/tags?post=23675"}],"curies":[{"name":"wp","href":"https:\/\/api.w.org\/{rel}","templated":true}]}}