{"id":23673,"date":"2023-07-10T22:10:02","date_gmt":"2023-07-11T01:10:02","guid":{"rendered":"https:\/\/chacosintesis.com.ar\/?p=23673"},"modified":"2023-07-10T22:36:41","modified_gmt":"2023-07-11T01:36:41","slug":"el-informe-de-educacion-que-se-presentara-en-la-justicia-por-el-caso-de-supuesta-agresion-en-un-jardin","status":"publish","type":"post","link":"https:\/\/chacosintesis.com.ar\/index.php\/el-informe-de-educacion-que-se-presentara-en-la-justicia-por-el-caso-de-supuesta-agresion-en-un-jardin\/","title":{"rendered":"El informe de Educaci\u00f3n que se presentar\u00e1 en la Justicia por el caso de supuesta agresi\u00f3n en un jard\u00edn"},"content":{"rendered":"<p>Tras el encuentro del s\u00e1bado con familiares del menor de 2 a\u00f1os, autoridades de la Direcci\u00f3n de Educaci\u00f3n P\u00fablica de Gesti\u00f3n Privada asistieron al establecimiento educativo, donde mantuvieron una reuni\u00f3n con el representante legal del jard\u00edn. Toda la informaci\u00f3n recabada ser\u00e1 enviada a la Justicia.<br \/>\nEl director de Educaci\u00f3n P\u00fablica de Gesti\u00f3n Privada, Enrique Dambra, dio detalles \u2013 este lunes \u2013 de la actuaci\u00f3n iniciada por el Ministerio de Educaci\u00f3n, a ra\u00edz de la denuncia realizada por la familia de un ni\u00f1o de 2 a\u00f1os que habr\u00eda sido agredido por otro menor en un jard\u00edn maternal de Resistencia.<br \/>\n\u201cJunto al ministro de Educaci\u00f3n, Aldo Lineras el s\u00e1bado a la tarde llevamos a cabo una reuni\u00f3n con los padres y la abuela del ni\u00f1o en el Ministerio, para poner a disposici\u00f3n de la familia los recursos de la cartera educativa para acompa\u00f1ar esta situaci\u00f3n\u201d, precis\u00f3. Tambi\u00e9n participaron el director general de Gesti\u00f3n Educativa, Enrique Soto, y el director de la Regional 10A, Omar Rojo.<br \/>\nEste lunes a la ma\u00f1ana, junto a dos supervisoras de los niveles Inicial y Primario, Dambra asisti\u00f3 a la unidad educativa privada en cuesti\u00f3n. &#8220;Fuimos atendidos por el representante legal, y pudimos escuchar sus versiones. Toda la informaci\u00f3n recabada, a trav\u00e9s de un acta, ser\u00e1 enviada a la Justicia, como corresponde; hay que resguardar a los y las dem\u00e1s menores que hay en esta sala de este maternal\u201d, detall\u00f3, se\u00f1alando que son 14 ni\u00f1os y ni\u00f1as en total.<br \/>\n \u201cHay muchos aspectos que cuidar. Necesitamos peritos para esta materia por el nivel de las heridas, para la cual tambi\u00e9n intervino Medicina Forense. Estamos interviniendo como Ministerio de Educaci\u00f3n en cuidar los dem\u00e1s aspectos para trabajar con los dem\u00e1s chicos y padres\u201d, se\u00f1al\u00f3 el funcionario. Adem\u00e1s, se ofreci\u00f3 la intervenci\u00f3n del Equipo Interdisciplinario de la Direcci\u00f3n de Bienestar Educativo.<br \/>\nDambra dijo que dentro de la provincia hay muchas instituciones p\u00fablicas de gesti\u00f3n privada, de las cuales se distinguen cuestiones pedag\u00f3gicas y de funcionalidad; las pol\u00edticas p\u00fablicas son para todas las escuelas y el sistema educativo es para todas las modalidades.<br \/>\n&#8220;En el caso de este jard\u00edn maternal, si bien la habilitaci\u00f3n corresponde a la Municipalidad de Resistencia, nos cabe responsabilidad (como Ministerio de Educaci\u00f3n) en los aspectos pedag\u00f3gicos&#8221;, dijo. En ese sentido, coment\u00f3 que recomendaron a las responsables de esta instituci\u00f3n que tengan en cuenta la implementaci\u00f3n de la Educaci\u00f3n Sexual Integral (ESI) que ense\u00f1a a las y los menores de edad una serie de medidas de cuidado y respeto del cuerpo, entre otros aspectos pedag\u00f3gicos.<\/p>\n","protected":false},"excerpt":{"rendered":"<p>Tras el encuentro del s\u00e1bado con familiares del menor de 2 a\u00f1os, autoridades de la Direcci\u00f3n de Educaci\u00f3n P\u00fablica de Gesti\u00f3n Privada asistieron al establecimiento educativo, donde mantuvieron una reuni\u00f3n con el representante legal del jard\u00edn. Toda la informaci\u00f3n recabada ser\u00e1 enviada a la Justicia. El director de Educaci\u00f3n P\u00fablica de Gesti\u00f3n Privada, Enrique Dambra, [&hellip;]<\/p>\n","protected":false},"author":1,"featured_media":23674,"comment_status":"closed","ping_status":"closed","sticky":false,"template":"","format":"standard","meta":{"footnotes":""},"categories":[6],"tags":[],"class_list":{"0":"post-23673","1":"post","2":"type-post","3":"status-publish","4":"format-standard","5":"has-post-thumbnail","7":"category-chaco"},"_links":{"self":[{"href":"https:\/\/chacosintesis.com.ar\/index.php\/wp-json\/wp\/v2\/posts\/23673","targetHints":{"allow":["GET"]}}],"collection":[{"href":"https:\/\/chacosintesis.com.ar\/index.php\/wp-json\/wp\/v2\/posts"}],"about":[{"href":"https:\/\/chacosintesis.com.ar\/index.php\/wp-json\/wp\/v2\/types\/post"}],"author":[{"embeddable":true,"href":"https:\/\/chacosintesis.com.ar\/index.php\/wp-json\/wp\/v2\/users\/1"}],"replies":[{"embeddable":true,"href":"https:\/\/chacosintesis.com.ar\/index.php\/wp-json\/wp\/v2\/comments?post=23673"}],"version-history":[{"count":0,"href":"https:\/\/chacosintesis.com.ar\/index.php\/wp-json\/wp\/v2\/posts\/23673\/revisions"}],"wp:featuredmedia":[{"embeddable":true,"href":"https:\/\/chacosintesis.com.ar\/index.php\/wp-json\/wp\/v2\/media\/23674"}],"wp:attachment":[{"href":"https:\/\/chacosintesis.com.ar\/index.php\/wp-json\/wp\/v2\/media?parent=23673"}],"wp:term":[{"taxonomy":"category","embeddable":true,"href":"https:\/\/chacosintesis.com.ar\/index.php\/wp-json\/wp\/v2\/categories?post=23673"},{"taxonomy":"post_tag","embeddable":true,"href":"https:\/\/chacosintesis.com.ar\/index.php\/wp-json\/wp\/v2\/tags?post=23673"}],"curies":[{"name":"wp","href":"https:\/\/api.w.org\/{rel}","templated":true}]}}