{"id":23661,"date":"2023-07-10T21:04:31","date_gmt":"2023-07-11T00:04:31","guid":{"rendered":"https:\/\/chacosintesis.com.ar\/?p=23661"},"modified":"2023-07-10T21:06:46","modified_gmt":"2023-07-11T00:06:46","slug":"fortalecimiento-de-las-redes-de-asistencia-y-contencion-de-consumos-problematicos","status":"publish","type":"post","link":"https:\/\/chacosintesis.com.ar\/index.php\/fortalecimiento-de-las-redes-de-asistencia-y-contencion-de-consumos-problematicos\/","title":{"rendered":"Fortalecimiento de las redes de asistencia y contenci\u00f3n de consumos problem\u00e1ticos"},"content":{"rendered":"<p>Con la presencia del gobernador, realizaron el tercer encuentro para evaluar e intensificar trabajos en torno a la problem\u00e1tica. La Comisi\u00f3n de Emergencia trabaj\u00f3 en el funcionamiento de la red integrada para asistencia, analizando la capacidad instalada y proyectando nuevas obras edilicias.<br \/>\nEl gobernador Jorge Capitanich particip\u00f3 de la tercera reuni\u00f3n de la Comisi\u00f3n de Emergencia por Consumos Problem\u00e1ticos, en el marco de la cual, junto a autoridades de Salud P\u00fablica y Desarrollo Social, referentes de otros Poderes del Estado, organismos, y organizaciones sociales y religiosas constataron el avance y funcionamiento de la red integrada de asistencia, en cuanto a capacidad instalada y la necesidad de nuevas obras; as\u00ed como la evoluci\u00f3n de la red de contenci\u00f3n, y la territorializaci\u00f3n del sistema.<br \/>\nAcompa\u00f1ado por la ministra de Salud P\u00fablica, Carolina Centeno y la ministra de Desarrollo Social, Mar\u00eda P\u00eda Chiacchio Cavana, el mandatario destac\u00f3 lo acertado del modelo macro del Plan, planteando como \u201ctema central\u201d la disciplina metodol\u00f3gica \u201cpara lograr el funcionamiento\u201d.<br \/>\n\u201cQue la tasa de rotaci\u00f3n permita efectivamente, por un lado, evitar consumo; por el otro, tratamiento y abordaje interdisciplinario con categorizaciones; y por \u00faltimo, reinserci\u00f3n laboral a trav\u00e9s de estos mecanismos, que nos permitan garantizar la mayor efectividad. Es decir, el tratamiento prolongado que permita que no exista decaimiento de ninguna actividad\u201d, reflexion\u00f3 Capitanich.<br \/>\nFinalmente, remarc\u00f3 la necesidad de manejar un concepto de pol\u00edticas p\u00fablicas \u201ccon mayor anclaje territorial\u201d, apuntando a una mayor participaci\u00f3n relativa de distintas localidades, para descentralizar el modelo del Plan. \u201cLa red est\u00e1 avalada por un consenso social muy amplio, pero tambi\u00e9n con sentido federal\u201d, afirm\u00f3.<br \/>\nAsimismo, plante\u00f3 \u201cque todas instituciones tengan anclaje de base territorial en todas las localidades\u201d y la necesidad, a tales fines, de integrar a los l\u00edderes pol\u00edticos, es decir los intendentes e intendentas elegidos por la voluntad popular.<br \/>\nMejorar la capacidad operativa y reforzar la red de contenci\u00f3n<\/p>\n<p>En el marco del tercer encuentro, en cumplimiento de los dispuesto por la Ley que declara la Emergencia de Consumos Problem\u00e1ticos en la Provincia (Ley N\u00b0 3008 G) avanzaron en el seguimiento y control del Plan Integral de Prevenci\u00f3n y Abordaje para trabajar la prevenci\u00f3n, tratamiento, rehabilitaci\u00f3n y reinserci\u00f3n de aquellas personas con problemas de consumos.<br \/>\nEn cuanto a la Red Asistencial, la ministra Centeno record\u00f3 que, actualmente, cuenta con 371 camas, con proyecci\u00f3n de ampliar \u201cpor lo menos a 50 camas m\u00e1s entre 2023 y 2024\u201d, para mejorar la capacidad operativa. Mientras que acerca de la red integral de contenci\u00f3n y de apoyo (que puede ser con alojamiento, o sin, con orientaci\u00f3n a la espiritualidad o no), ratific\u00f3 que estar\u00e1 \u201cregistrada, regulada y normatizada por el Ministerio\u201d.<br \/>\nEn ese sentido, planteando adem\u00e1s la urgencia de modificaciones de infraestructura y edilicias y hasta subsidios estatales (provinciales, nacionales o municipales) para algunos espacios, la titular de la cartera sanitaria ratific\u00f3:  \u201cNuestra idea es pensar en la asistencia en internaci\u00f3n, sumada ya a una red de contenci\u00f3n que sea paralela y complementaria\u201d, instando a que todo aquel espacio, organismo, fundaci\u00f3n, \u201cque tenga una mirada como la que nosotros estamos planteando ac\u00e1, se sume a esta red y pueda ser parte de ella de ac\u00e1 a los siguientes a\u00f1os\u201d.<br \/>\nParticiparon, presencialmente, la presidenta del Superior Tribunal de Justicia, Iride Isabel Grillo; la secretaria de Derechos Humanos y G\u00e9neros, Silvana P\u00e9rez; la subsecretaria de Salud Comunitaria, Entornos Saludables y No Violentos del Ministerio de Salud P\u00fablica del Chaco, Josefina Bittel; legisladores provinciales y funcionarios y representantes de diferentes entes p\u00fablicos. Adem\u00e1s, v\u00eda zoom, entre otras y otros, estuvieron: la jueza de Faltas de Charata, Claudia Araujo; el defensor de General San Mart\u00edn, Adri\u00e1n Va\u00f1ek; y la defensora de Villa \u00c1ngela, Cecilia Carauni.<\/p>\n","protected":false},"excerpt":{"rendered":"<p>Con la presencia del gobernador, realizaron el tercer encuentro para evaluar e intensificar trabajos en torno a la problem\u00e1tica. La Comisi\u00f3n de Emergencia trabaj\u00f3 en el funcionamiento de la red integrada para asistencia, analizando la capacidad instalada y proyectando nuevas obras edilicias. El gobernador Jorge Capitanich particip\u00f3 de la tercera reuni\u00f3n de la Comisi\u00f3n de [&hellip;]<\/p>\n","protected":false},"author":1,"featured_media":23662,"comment_status":"closed","ping_status":"closed","sticky":false,"template":"","format":"standard","meta":{"footnotes":""},"categories":[6],"tags":[],"class_list":{"0":"post-23661","1":"post","2":"type-post","3":"status-publish","4":"format-standard","5":"has-post-thumbnail","7":"category-chaco"},"_links":{"self":[{"href":"https:\/\/chacosintesis.com.ar\/index.php\/wp-json\/wp\/v2\/posts\/23661","targetHints":{"allow":["GET"]}}],"collection":[{"href":"https:\/\/chacosintesis.com.ar\/index.php\/wp-json\/wp\/v2\/posts"}],"about":[{"href":"https:\/\/chacosintesis.com.ar\/index.php\/wp-json\/wp\/v2\/types\/post"}],"author":[{"embeddable":true,"href":"https:\/\/chacosintesis.com.ar\/index.php\/wp-json\/wp\/v2\/users\/1"}],"replies":[{"embeddable":true,"href":"https:\/\/chacosintesis.com.ar\/index.php\/wp-json\/wp\/v2\/comments?post=23661"}],"version-history":[{"count":0,"href":"https:\/\/chacosintesis.com.ar\/index.php\/wp-json\/wp\/v2\/posts\/23661\/revisions"}],"wp:featuredmedia":[{"embeddable":true,"href":"https:\/\/chacosintesis.com.ar\/index.php\/wp-json\/wp\/v2\/media\/23662"}],"wp:attachment":[{"href":"https:\/\/chacosintesis.com.ar\/index.php\/wp-json\/wp\/v2\/media?parent=23661"}],"wp:term":[{"taxonomy":"category","embeddable":true,"href":"https:\/\/chacosintesis.com.ar\/index.php\/wp-json\/wp\/v2\/categories?post=23661"},{"taxonomy":"post_tag","embeddable":true,"href":"https:\/\/chacosintesis.com.ar\/index.php\/wp-json\/wp\/v2\/tags?post=23661"}],"curies":[{"name":"wp","href":"https:\/\/api.w.org\/{rel}","templated":true}]}}