{"id":23655,"date":"2023-07-10T20:56:55","date_gmt":"2023-07-10T23:56:55","guid":{"rendered":"https:\/\/chacosintesis.com.ar\/?p=23655"},"modified":"2023-07-10T21:06:44","modified_gmt":"2023-07-11T00:06:44","slug":"este-martes-11-se-conocera-el-veredicto-del-jury-contra-la-jueza-laura-buyatti","status":"publish","type":"post","link":"https:\/\/chacosintesis.com.ar\/index.php\/este-martes-11-se-conocera-el-veredicto-del-jury-contra-la-jueza-laura-buyatti\/","title":{"rendered":"Este martes 11 se conocer\u00e1 el veredicto del jury contra la jueza Laura Buyatti"},"content":{"rendered":"<p>El veredicto por el jury a la jueza de Ni\u00f1ez, Adolescencia y Familia N\u00ba 1 de Villa \u00c1ngela, Laura Buyatti, ser\u00e1 le\u00eddo ma\u00f1ana martes a las 16 en la sede del Consejo de la Magistratura y Jurado de Enjuiciamiento del Chaco. En los alegatos realizados el 31 de mayo el Ministerio P\u00fablico Fiscal solicit\u00f3 que la magistrada sea destituida y la defensa pidi\u00f3 la absoluci\u00f3n.<br \/>\nEl tribunal del Jurado de Enjuiciamiento est\u00e1 compuesto por H\u00e9ctor Daniel Zalazar (presidente), Iride Isabel Mar\u00eda Grillo, Gloria Beatriz Zalazar, Ana Mariela Kassor, Jessica Ayala, Edgardo Gabriel Reguera y Carim Peche. La acusaci\u00f3n corre por cuenta del procurador general Jorge Canteros y el procurador general adjunto Miguel Fonteina, y la defensa est\u00e1 a cargo de Armando Aquino Britos y Hugo Marcelo Ch\u00e1vez.<br \/>\nBuyatti est\u00e1 acusada ante el Consejo de la Magistratura y Jurado de Enjuiciamiento en el expediente 279\/23 \u201cSe\u00f1ores Procurador General y Procurador General Adjunto S \/ Acusaci\u00f3n C\/ Dra. Laura Ver\u00f3nica Buyatti ?Jueza de Ni\u00f1ez Adolescencia y Familia N\u00b0 1 de Villa \u00c1ngela\u201d por los delitos de amenazas agravadas y abuso de poder de autoridad (art\u00edculos 7 inciso \u201ce\u201d y 8 inciso \u201cf\u201d de la Ley 33-B en funci\u00f3n del art\u00edculo 154 de la Constituci\u00f3n Provincial) a partir del intercambio de llamadas telef\u00f3nicas y audios que mantuvo con el alba\u00f1il Marcelo Acosta el 21 de diciembre de 2022.<br \/>\nLa denuncia contra la jueza fue presentada el 8 de febrero por la Procuraci\u00f3n General a instancias de lo solicitado por el Superior Tribunal de Justicia. El 7 de marzo el CMyJE admiti\u00f3 la acusaci\u00f3n mediante resoluci\u00f3n 332\/23 y suspendi\u00f3 preventivamente a Buyatti.<\/p>\n","protected":false},"excerpt":{"rendered":"<p>El veredicto por el jury a la jueza de Ni\u00f1ez, Adolescencia y Familia N\u00ba 1 de Villa \u00c1ngela, Laura Buyatti, ser\u00e1 le\u00eddo ma\u00f1ana martes a las 16 en la sede del Consejo de la Magistratura y Jurado de Enjuiciamiento del Chaco. En los alegatos realizados el 31 de mayo el Ministerio P\u00fablico Fiscal solicit\u00f3 que [&hellip;]<\/p>\n","protected":false},"author":1,"featured_media":23656,"comment_status":"closed","ping_status":"closed","sticky":false,"template":"","format":"standard","meta":{"footnotes":""},"categories":[6],"tags":[],"class_list":{"0":"post-23655","1":"post","2":"type-post","3":"status-publish","4":"format-standard","5":"has-post-thumbnail","7":"category-chaco"},"_links":{"self":[{"href":"https:\/\/chacosintesis.com.ar\/index.php\/wp-json\/wp\/v2\/posts\/23655","targetHints":{"allow":["GET"]}}],"collection":[{"href":"https:\/\/chacosintesis.com.ar\/index.php\/wp-json\/wp\/v2\/posts"}],"about":[{"href":"https:\/\/chacosintesis.com.ar\/index.php\/wp-json\/wp\/v2\/types\/post"}],"author":[{"embeddable":true,"href":"https:\/\/chacosintesis.com.ar\/index.php\/wp-json\/wp\/v2\/users\/1"}],"replies":[{"embeddable":true,"href":"https:\/\/chacosintesis.com.ar\/index.php\/wp-json\/wp\/v2\/comments?post=23655"}],"version-history":[{"count":0,"href":"https:\/\/chacosintesis.com.ar\/index.php\/wp-json\/wp\/v2\/posts\/23655\/revisions"}],"wp:featuredmedia":[{"embeddable":true,"href":"https:\/\/chacosintesis.com.ar\/index.php\/wp-json\/wp\/v2\/media\/23656"}],"wp:attachment":[{"href":"https:\/\/chacosintesis.com.ar\/index.php\/wp-json\/wp\/v2\/media?parent=23655"}],"wp:term":[{"taxonomy":"category","embeddable":true,"href":"https:\/\/chacosintesis.com.ar\/index.php\/wp-json\/wp\/v2\/categories?post=23655"},{"taxonomy":"post_tag","embeddable":true,"href":"https:\/\/chacosintesis.com.ar\/index.php\/wp-json\/wp\/v2\/tags?post=23655"}],"curies":[{"name":"wp","href":"https:\/\/api.w.org\/{rel}","templated":true}]}}