{"id":23649,"date":"2023-07-10T20:47:39","date_gmt":"2023-07-10T23:47:39","guid":{"rendered":"https:\/\/chacosintesis.com.ar\/?p=23649"},"modified":"2023-07-10T21:06:42","modified_gmt":"2023-07-11T00:06:42","slug":"cerca-de-900-estudiantes-participaron-de-van-gogh-una-experiencia-inmersiva","status":"publish","type":"post","link":"https:\/\/chacosintesis.com.ar\/index.php\/cerca-de-900-estudiantes-participaron-de-van-gogh-una-experiencia-inmersiva\/","title":{"rendered":"Cerca de 900 estudiantes participaron de &#8220;Van Gogh: una experiencia inmersiva&#8221;"},"content":{"rendered":"<p>Accedieron de manera gratuita a esta exposici\u00f3n y los gastos de la entrada fueron asumidos por el Ministerio de Educaci\u00f3n de la Provincia.<br \/>\nEl Ministerio de Educaci\u00f3n confirm\u00f3 que durante la semana pasada 900 estudiantes visitaron la muestra \u201cVan Gogh: una experiencia inmersiva\u201d que se desarroll\u00f3 en el Gala Hotel &#038; Convenciones de Resistencia.<br \/>\n\u201cAlrededor de 900 estudiantes de escuelas primarias y de instituciones secundarias -algunas con Orientaci\u00f3n en Educaci\u00f3n Art\u00edstica- y del \u00c1rea Metropolitana, as\u00ed como del Instituto Superior del Profesorado de Ense\u00f1anza Art\u00edstica Bellas Artes de Resistencia vivieron la experiencia \u00fanica de visitar esta exposici\u00f3n compuesta por obras visuales y audiovisuales, mediante la imagen y el sonido\u201d, indicaron desde la cartera.<br \/>\nLos y las estudiantes fueron espectadores\/as de adentrarse, por ejemplo, en La Noche Estrellada, uno de los trabajos m\u00e1s celebres de este artista neerland\u00e9s del movimiento post-impresionista.<br \/>\nAccedieron de manera gratuita a esta exposici\u00f3n y los gastos de la entrada fueron asumidos por el Ministerio de Educaci\u00f3n de la Provincia.<br \/>\n\u201cCelebramos estas actividades que posibilitan a las y los estudiantes vivenciar experiencias de arte y est\u00e9tica, que les permiten continuar aprendiendo sobre los diferentes lenguajes art\u00edsticos. Tambi\u00e9n, es un derecho social el acceso al arte de todas las ni\u00f1as, todos los ni\u00f1os, todos los y las adolescentes, todos los y todas las j\u00f3venes\u201d, mencionaron.<\/p>\n","protected":false},"excerpt":{"rendered":"<p>Accedieron de manera gratuita a esta exposici\u00f3n y los gastos de la entrada fueron asumidos por el Ministerio de Educaci\u00f3n de la Provincia. El Ministerio de Educaci\u00f3n confirm\u00f3 que durante la semana pasada 900 estudiantes visitaron la muestra \u201cVan Gogh: una experiencia inmersiva\u201d que se desarroll\u00f3 en el Gala Hotel &#038; Convenciones de Resistencia. \u201cAlrededor [&hellip;]<\/p>\n","protected":false},"author":1,"featured_media":23650,"comment_status":"closed","ping_status":"closed","sticky":false,"template":"","format":"standard","meta":{"footnotes":""},"categories":[6],"tags":[],"class_list":{"0":"post-23649","1":"post","2":"type-post","3":"status-publish","4":"format-standard","5":"has-post-thumbnail","7":"category-chaco"},"_links":{"self":[{"href":"https:\/\/chacosintesis.com.ar\/index.php\/wp-json\/wp\/v2\/posts\/23649","targetHints":{"allow":["GET"]}}],"collection":[{"href":"https:\/\/chacosintesis.com.ar\/index.php\/wp-json\/wp\/v2\/posts"}],"about":[{"href":"https:\/\/chacosintesis.com.ar\/index.php\/wp-json\/wp\/v2\/types\/post"}],"author":[{"embeddable":true,"href":"https:\/\/chacosintesis.com.ar\/index.php\/wp-json\/wp\/v2\/users\/1"}],"replies":[{"embeddable":true,"href":"https:\/\/chacosintesis.com.ar\/index.php\/wp-json\/wp\/v2\/comments?post=23649"}],"version-history":[{"count":0,"href":"https:\/\/chacosintesis.com.ar\/index.php\/wp-json\/wp\/v2\/posts\/23649\/revisions"}],"wp:featuredmedia":[{"embeddable":true,"href":"https:\/\/chacosintesis.com.ar\/index.php\/wp-json\/wp\/v2\/media\/23650"}],"wp:attachment":[{"href":"https:\/\/chacosintesis.com.ar\/index.php\/wp-json\/wp\/v2\/media?parent=23649"}],"wp:term":[{"taxonomy":"category","embeddable":true,"href":"https:\/\/chacosintesis.com.ar\/index.php\/wp-json\/wp\/v2\/categories?post=23649"},{"taxonomy":"post_tag","embeddable":true,"href":"https:\/\/chacosintesis.com.ar\/index.php\/wp-json\/wp\/v2\/tags?post=23649"}],"curies":[{"name":"wp","href":"https:\/\/api.w.org\/{rel}","templated":true}]}}