{"id":23647,"date":"2023-07-10T20:44:27","date_gmt":"2023-07-10T23:44:27","guid":{"rendered":"https:\/\/chacosintesis.com.ar\/?p=23647"},"modified":"2023-07-10T21:06:41","modified_gmt":"2023-07-11T00:06:41","slug":"comenzo-la-tercera-semana-de-vacunacion-invernal-con-foco-en-la-poblacion-pediatrica","status":"publish","type":"post","link":"https:\/\/chacosintesis.com.ar\/index.php\/comenzo-la-tercera-semana-de-vacunacion-invernal-con-foco-en-la-poblacion-pediatrica\/","title":{"rendered":"Comenz\u00f3 la tercera semana de vacunaci\u00f3n invernal con foco en la poblaci\u00f3n pedi\u00e1trica"},"content":{"rendered":"<p>La campa\u00f1a comenz\u00f3 el 26 de junio y se extender\u00e1 hasta el 28 de julio. El objetivo es reforzar el Calendario Nacional, en particular de aquellas vacunas dirigidas a las enfermedades respiratorias. Esta semana las actividades estar\u00e1n orientadas hacia la poblaci\u00f3n pedi\u00e1trica y en particular al p\u00fablico comprendido por ni\u00f1as y ni\u00f1os de 6 a 24 meses.<br \/>\nEl Ministerio de Salud P\u00fablica inici\u00f3 la tercera semana de la Cruzada Provincial de Vacunaci\u00f3n Invernal, que comenz\u00f3 el pasado 26 de junio y se extender\u00e1 hasta el 28 de julio en las ocho regiones sanitarias del territorio chaque\u00f1o.<br \/>\nEl objetivo de la campa\u00f1a es aumentar las coberturas de ni\u00f1as y ni\u00f1os en edades de Calendario Nacional, personas con factores de riesgo, adultos mayores de 65 a\u00f1os, personas gestantes y personal de salud, haciendo hincapi\u00e9 en la prevenci\u00f3n de las enfermedades respiratorias estacionales.<br \/>\nPara ello se aplican todas las dosis incluidas en el Calendario Nacional, reforzando la estrategia de las vacunas implicadas y dirigidas a enfermedades respiratorias, como ser: antigripal, antineumoc\u00f3cica, contra el Covid-19, y triple bacteriana (contra la difteria, t\u00e9tanos y tos convulsa). Durante las \u00faltimas dos semanas se registraron en el sistema SISA NOMIVAC un total de 24.900 dosis de vacunas correspondientes a todo el territorio chaque\u00f1o.<br \/>\nEl lanzamiento de la campa\u00f1a se realiz\u00f3 el lunes 26 en el hospital Bicentenario de Juan Jos\u00e9 Castelli y durante la primera semana se prioriz\u00f3 al personal de salud. La semana pasada la estrategia estuvo enfocada en las personas gestantes y durante la semana en curso las acciones estar\u00e1n dirigidas a reforzar los esquemas en la poblaci\u00f3n pedi\u00e1trica y en particular en ni\u00f1as y ni\u00f1os de 6 a 24 meses.<br \/>\nComo parte de las estrategias planificadas, a trav\u00e9s del Departamento de Inmunizaciones, este lunes al mediod\u00eda se realiz\u00f3 una actividad de vacunaci\u00f3n en el Jard\u00edn de Infantes N\u00ba 33 Yapey\u00fa que est\u00e1 a cargo del Hospital Pedi\u00e1trico \u201cDr. Avelino Castel\u00e1n\u201d.<br \/>\n\u201cLas vacunas son una de las principales medidas para prevenir enfermedades infecciosas, en especial en los ni\u00f1os y ni\u00f1as peque\u00f1os quienes corren mayor riesgo de desarrollar cuadros graves por no tener las defensas suficientes\u201d, recalc\u00f3 la jefa del Departamento de Inmunizaciones, Rosa Gauto. A su vez, explic\u00f3 que \u201cpor eso es necesario que, en los dos primeros a\u00f1os de vida, los ni\u00f1os y las ni\u00f1as reciban todas las vacunas del Calendario Nacional para hacer frente a estas enfermedades\u201d.<br \/>\nLa Cruzada Provincial busca reforzar esquemas en la poblaci\u00f3n, promover la vacunaci\u00f3n del personal de salud y la comunicaci\u00f3n y cooperaci\u00f3n entre las regiones sanitarias de nuestra provincia, adem\u00e1s de identificar aquellas localidades con bajas coberturas y planificar estrategias de inmunizaci\u00f3n en territorio. Para ello, Chaco cuenta con una red provincial de m\u00e1s de 300 vacunatorios distribuidos en cada una de las ocho regiones sanitarias. Es necesario concurrir a estos espacios con el carnet de vacunaci\u00f3n y el DNI.<\/p>\n<p>Actividades<\/p>\n<p>Como parte de la Cruzada de Vacunaci\u00f3n Invernal el Departamento de Inmunizaciones intervendr\u00e1 en los siguientes espacios a lo largo de la semana en curso:<br \/>\nMartes 11: a las 10.30, vacunaci\u00f3n en el Jard\u00edn Maternal Upa Lala. A las 12 horas vacunaci\u00f3n en el Jard\u00edn Maternal Castillo de Arena (UPCP). A partir de las 15 horas Tarde de Vacunas en el Hospital Pedi\u00e1trico Dr. Avelino Castel\u00e1n.<br \/>\nJueves 13: en el horario de 9 a 13.30 vacunaci\u00f3n en el Jard\u00edn de Infantes de la Universidad Popular Infantil.<br \/>\nViernes 14: a partir de las 10.30, posta de vacunaci\u00f3n en la plaza 25 de Mayo.<\/p>\n","protected":false},"excerpt":{"rendered":"<p>La campa\u00f1a comenz\u00f3 el 26 de junio y se extender\u00e1 hasta el 28 de julio. El objetivo es reforzar el Calendario Nacional, en particular de aquellas vacunas dirigidas a las enfermedades respiratorias. Esta semana las actividades estar\u00e1n orientadas hacia la poblaci\u00f3n pedi\u00e1trica y en particular al p\u00fablico comprendido por ni\u00f1as y ni\u00f1os de 6 a [&hellip;]<\/p>\n","protected":false},"author":1,"featured_media":23648,"comment_status":"closed","ping_status":"closed","sticky":false,"template":"","format":"standard","meta":{"footnotes":""},"categories":[6],"tags":[],"class_list":{"0":"post-23647","1":"post","2":"type-post","3":"status-publish","4":"format-standard","5":"has-post-thumbnail","7":"category-chaco"},"_links":{"self":[{"href":"https:\/\/chacosintesis.com.ar\/index.php\/wp-json\/wp\/v2\/posts\/23647","targetHints":{"allow":["GET"]}}],"collection":[{"href":"https:\/\/chacosintesis.com.ar\/index.php\/wp-json\/wp\/v2\/posts"}],"about":[{"href":"https:\/\/chacosintesis.com.ar\/index.php\/wp-json\/wp\/v2\/types\/post"}],"author":[{"embeddable":true,"href":"https:\/\/chacosintesis.com.ar\/index.php\/wp-json\/wp\/v2\/users\/1"}],"replies":[{"embeddable":true,"href":"https:\/\/chacosintesis.com.ar\/index.php\/wp-json\/wp\/v2\/comments?post=23647"}],"version-history":[{"count":0,"href":"https:\/\/chacosintesis.com.ar\/index.php\/wp-json\/wp\/v2\/posts\/23647\/revisions"}],"wp:featuredmedia":[{"embeddable":true,"href":"https:\/\/chacosintesis.com.ar\/index.php\/wp-json\/wp\/v2\/media\/23648"}],"wp:attachment":[{"href":"https:\/\/chacosintesis.com.ar\/index.php\/wp-json\/wp\/v2\/media?parent=23647"}],"wp:term":[{"taxonomy":"category","embeddable":true,"href":"https:\/\/chacosintesis.com.ar\/index.php\/wp-json\/wp\/v2\/categories?post=23647"},{"taxonomy":"post_tag","embeddable":true,"href":"https:\/\/chacosintesis.com.ar\/index.php\/wp-json\/wp\/v2\/tags?post=23647"}],"curies":[{"name":"wp","href":"https:\/\/api.w.org\/{rel}","templated":true}]}}