{"id":23645,"date":"2023-07-10T20:42:28","date_gmt":"2023-07-10T23:42:28","guid":{"rendered":"https:\/\/chacosintesis.com.ar\/?p=23645"},"modified":"2023-07-10T21:06:40","modified_gmt":"2023-07-11T00:06:40","slug":"impulsan-medidas-para-garantizar-mayor-transparencia-en-el-funcionamiento-de-organizaciones-y-fundaciones","status":"publish","type":"post","link":"https:\/\/chacosintesis.com.ar\/index.php\/impulsan-medidas-para-garantizar-mayor-transparencia-en-el-funcionamiento-de-organizaciones-y-fundaciones\/","title":{"rendered":"Impulsan medidas para garantizar mayor transparencia en el funcionamiento de Organizaciones y Fundaciones"},"content":{"rendered":"<p>Se incrementar\u00e1n los requisitos a cumplimentar, previo al otorgamiento de personer\u00eda jur\u00eddica y en el posterior funcionamiento de la organizaci\u00f3n. Se busca fortalecer la capacidad de control y fiscalizaci\u00f3n por parte del Estado para evitar fraudes. Adem\u00e1s, se profundizar\u00e1 la participaci\u00f3n ciudadana y la posibilidad de que denuncien irregularidades.<br \/>\nEl gobierno provincial anunci\u00f3 una serie de medidas para garantizar mayor transparencia en la constituci\u00f3n y funcionamiento de organizaciones sociales, fundaciones y cooperativas con personer\u00eda jur\u00eddica que constituyan la econom\u00eda social, solidaria y popular de la provincia. \u201cEs necesario tener un marco regulatorio para fortalecer la capacidad de fiscalizaci\u00f3n del Estado y garantizar transparencia en el funcionamiento de estas organizaciones\u201d, dijo el gobernador Jorge Capitanich tras presentar el Decreto N\u00b01.821, donde se detallan cada una de las medidas a implementar.<br \/>\nExplic\u00f3 que el otorgamiento de personer\u00eda, autorizaciones y fiscalizaci\u00f3n vigente, debe complementarse con otras medidas previas a la concesi\u00f3n y permanentes durante el funcionamiento de las entidades, que ata\u00f1en tambi\u00e9n a las y los integrantes, garantizando el control patrimonial personal, antecedentes penales y publicidad de los actos. \u201cPretendemos evitar as\u00ed que existan personas que usen a las organizaciones como pantalla para el acrecentamiento patrimonial individual, explotando a las y los trabajadores\u201d, apunt\u00f3.<br \/>\nEn primer lugar, el decreto exige a las personas f\u00edsicas que constituyan y\/o sean miembros de asociaciones civiles, fundaciones o cooperativas de trabajo, la presentaci\u00f3n de: Certificaci\u00f3n del Registro \u00danico de Personas Violentas (RUPV), Certificaci\u00f3n del Registro de Deudores Alimentarios Morosos (ReDAM), Certificaci\u00f3n del Tribunal de Cuentas y Declaraci\u00f3n Jurada Patrimonial. \u201cLo hacemos, por ejemplo, para garantizar que las organizaciones, previo a su constituci\u00f3n, no est\u00e9n integradas por personas violentas que se amparen en las mismas\u201d, dijo al respecto el mandatario.<br \/>\nEn segundo lugar, la nueva normativa requerir\u00e1 la actualizaci\u00f3n de datos de todas las asociaciones civiles, fundaciones y mutuales a trav\u00e9s de la Inspecci\u00f3n General de Personas Jur\u00eddicas. La actualizaci\u00f3n ser\u00e1 obligatoria, por medio digital, de acceso p\u00fablico para conocimiento e informaci\u00f3n de la ciudadan\u00eda, a fin de fiscalizar el funcionamiento y administraci\u00f3n de todas las personas jur\u00eddicas.<br \/>\n\u201cCualquier persona podr\u00e1, por plataforma digital, saber qu\u00e9 hace cada organizaci\u00f3n, legitimando as\u00ed un r\u00e9gimen de transparencia con participaci\u00f3n social y popular\u201d, explic\u00f3 Capitanich.<br \/>\nEn tercer lugar, se autorizar\u00e1 al organismo de contralor a disponer la suspensi\u00f3n y\/o p\u00e9rdida de la concesi\u00f3n de la personer\u00eda jur\u00eddica otorgada a quienes incumplan con las obligaciones y responsabilidades impuestas. \u201cEn tal l\u00ednea, el Ejecutivo ha tomado debida nota de las intervenciones a fundaciones que manejan patrimonio social, el que ser\u00e1 devuelto al Estado; nadie se lleva lo que no le corresponde y si lo hace tendr\u00e1 la penalizaci\u00f3n correspondiente\u201d, enfatiz\u00f3 el gobernador.<br \/>\nDenuncias y reclamos<br \/>\nEn cuarto lugar, se crear\u00e1 un organismo de recepci\u00f3n y seguimiento de reclamos y denuncias de hechos que refieren irregularidades que podr\u00edan constituir il\u00edcitos penales y administrativos, de socios, terceros y\/o beneficiarios de una entidad civil. En esos casos, se arbitrar\u00e1n las medidas judiciales y administrativas que correspondan para contribuir a la seguridad jur\u00eddica y a la protecci\u00f3n de las personas.<br \/>\nAs\u00ed, la ciudadan\u00eda podr\u00e1 efectuar denuncias para informar retenciones indebidas de planes sociales, venta ilegal de bienes del estado y\/o desv\u00edo de fondos de subsidios a trav\u00e9s de las comisar\u00edas existentes, pero tambi\u00e9n mediante la l\u00ednea p\u00fablica, gratuita y confidencial 0800 888 9222, por internet mediante TU GOBIERNO DIGITAL o en forma presencial a trav\u00e9s del Centro de Gesti\u00f3n de la Secretar\u00eda General de Gobernaci\u00f3n. Por otro lado, Capitanich coment\u00f3 que se elev\u00f3 el monto m\u00ednimo que debe acreditar una organizaci\u00f3n para evitar una proliferaci\u00f3n de las mismas, que impida un control eficaz por parte del Estado.<br \/>\nAdem\u00e1s, record\u00f3 que el Gobierno suscribi\u00f3 un convenio con el Consejo de Ciencias Econ\u00f3micas para establecer mecanismos de certificaci\u00f3n de estados contables y para la realizaci\u00f3n de auditor\u00edas t\u00e9cnicas que refuercen el sistema de control. \u201cCon la participaci\u00f3n de organismos competentes estamos fortaleciendo a\u00fan m\u00e1s las exigencias de fiscalizaci\u00f3n\u201d, a\u00f1adi\u00f3.<br \/>\n\u201cEn las reuniones que hacemos con vecinos sobre temas de agenda p\u00fablica nos han pedido este tipo de unidades para denuncias y reclamos. Escuchamos las demandas de nuestro pueblo y aportamos por ello esta herramienta para construir un r\u00e9gimen cada vez m\u00e1s transparente con igualdad de trato y de oportunidades para hacer de Chaco una provincia inclusiva, solidaria y en desarrollo\u201d, sostuvo el gobernador.<br \/>\nEstuvieron presentes en la presentaci\u00f3n de las nuevas medidas, el ministro de Gobierno y Trabajo, Juan Manuel Chapo; la ministra de Seguridad y Justicia, Gloria Zalazar, la ministra de Desarrollo Social, P\u00eda Chiacchio Cavana; el inspector de Personer\u00eda Jur\u00eddica, Eduardo Colombo; el presidente del IAFEP, Mauricio Andi\u00f3n; los diputados Luis Obeid, Rodrigo Ocampo y Mariela Quir\u00f3s.<\/p>\n","protected":false},"excerpt":{"rendered":"<p>Se incrementar\u00e1n los requisitos a cumplimentar, previo al otorgamiento de personer\u00eda jur\u00eddica y en el posterior funcionamiento de la organizaci\u00f3n. Se busca fortalecer la capacidad de control y fiscalizaci\u00f3n por parte del Estado para evitar fraudes. Adem\u00e1s, se profundizar\u00e1 la participaci\u00f3n ciudadana y la posibilidad de que denuncien irregularidades. El gobierno provincial anunci\u00f3 una serie [&hellip;]<\/p>\n","protected":false},"author":1,"featured_media":23646,"comment_status":"closed","ping_status":"closed","sticky":false,"template":"","format":"standard","meta":{"footnotes":""},"categories":[6],"tags":[],"class_list":{"0":"post-23645","1":"post","2":"type-post","3":"status-publish","4":"format-standard","5":"has-post-thumbnail","7":"category-chaco"},"_links":{"self":[{"href":"https:\/\/chacosintesis.com.ar\/index.php\/wp-json\/wp\/v2\/posts\/23645","targetHints":{"allow":["GET"]}}],"collection":[{"href":"https:\/\/chacosintesis.com.ar\/index.php\/wp-json\/wp\/v2\/posts"}],"about":[{"href":"https:\/\/chacosintesis.com.ar\/index.php\/wp-json\/wp\/v2\/types\/post"}],"author":[{"embeddable":true,"href":"https:\/\/chacosintesis.com.ar\/index.php\/wp-json\/wp\/v2\/users\/1"}],"replies":[{"embeddable":true,"href":"https:\/\/chacosintesis.com.ar\/index.php\/wp-json\/wp\/v2\/comments?post=23645"}],"version-history":[{"count":0,"href":"https:\/\/chacosintesis.com.ar\/index.php\/wp-json\/wp\/v2\/posts\/23645\/revisions"}],"wp:featuredmedia":[{"embeddable":true,"href":"https:\/\/chacosintesis.com.ar\/index.php\/wp-json\/wp\/v2\/media\/23646"}],"wp:attachment":[{"href":"https:\/\/chacosintesis.com.ar\/index.php\/wp-json\/wp\/v2\/media?parent=23645"}],"wp:term":[{"taxonomy":"category","embeddable":true,"href":"https:\/\/chacosintesis.com.ar\/index.php\/wp-json\/wp\/v2\/categories?post=23645"},{"taxonomy":"post_tag","embeddable":true,"href":"https:\/\/chacosintesis.com.ar\/index.php\/wp-json\/wp\/v2\/tags?post=23645"}],"curies":[{"name":"wp","href":"https:\/\/api.w.org\/{rel}","templated":true}]}}