{"id":23643,"date":"2023-07-10T20:40:29","date_gmt":"2023-07-10T23:40:29","guid":{"rendered":"https:\/\/chacosintesis.com.ar\/?p=23643"},"modified":"2023-07-10T21:06:39","modified_gmt":"2023-07-11T00:06:39","slug":"el-centro-de-monitoreo-de-barranqueras-suma-infraestructura-y-equipamiento-para-el-combate-al-delito-y-el-fortalecimiento-de-la-seguridad-publica","status":"publish","type":"post","link":"https:\/\/chacosintesis.com.ar\/index.php\/el-centro-de-monitoreo-de-barranqueras-suma-infraestructura-y-equipamiento-para-el-combate-al-delito-y-el-fortalecimiento-de-la-seguridad-publica\/","title":{"rendered":"El Centro de Monitoreo de Barranqueras suma infraestructura y equipamiento para el combate al delito y el fortalecimiento de la seguridad p\u00fablica"},"content":{"rendered":"<p>El Gobierno Provincial sigue fortaleciendo el sistema de seguridad p\u00fablica a trav\u00e9s de programas especiales como el de Municipios Seguros, la modernizaci\u00f3n de los centros de monitoreo, la profesionalizaci\u00f3n de agentes y el suministro de equipos tecnol\u00f3gicos y de videovigilancia. El gobernador Capitanich destac\u00f3 el aumento del presupuesto en seguridad e infraestructura, m\u00e1s agentes de fuerzas de seguridad p\u00fablica y un sistema multiagencial para combatir el delito.<br \/>\nEl gobernador Jorge Capitanich, habilit\u00f3 este lunes la ampliaci\u00f3n, junto con la incorporaci\u00f3n de equipamiento y recursos humanos, para el Centro de Monitoreo de Barranqueras en el marco del programa provincial \u201cMunicipios Seguros\u201d. En el acto se entregaron 180 c\u00e1maras de seguridad de \u00faltima generaci\u00f3n y motos para las comisar\u00edas que servir\u00e1n para fortalecer la seguridad en la ciudad portuaria, ademas de chalecos bal\u00edsticos para el personal policial.<br \/>\nEl gobernador Capitanich destac\u00f3 que estas acciones forman parte de pol\u00edticas p\u00fablicas que tienen como objetivo promover la seguridad ciudadana mediante la inversi\u00f3n, la asistencia y las mejoras en la infraestructura local para la seguridad.<br \/>\nEl programa Municipios Seguros (al que se adhiere la comuna de Barranqueras a trav\u00e9s de un convenio) incluye un enfoque en la modernizaci\u00f3n de los centros de monitoreo municipales, la profesionalizaci\u00f3n y la capacitaci\u00f3n en seguridad tecnol\u00f3gica y el suministro de equipos tecnol\u00f3gicos y de videovigilancia. Este programa tambi\u00e9n busca integrar a todos los municipios en un sistema unitario de seguridad tecnol\u00f3gica y promover la m\u00e1xima innovaci\u00f3n y organizaci\u00f3n tecnol\u00f3gicas posibles.<br \/>\nCapitanich asegur\u00f3 que ya son unos 30 municipios los que forman parte del programa Municipios Seguros en la provincia del Chaco.<br \/>\nAcompa\u00f1aron al gobernador la ministra de Seguridad y Justicia, Gloria Zalazar; la intendenta de Barranqueras, Magda Ayala, autoridades de la Polic\u00eda del Chaco, funcionarios municipales y vecinos.<\/p>\n<p>Municipios Seguros y plan para fortalecer la seguridad ciudadana<\/p>\n<p>El Centro de Monitoreo de Barranqueras, forma parte de un plan para un sistema multiagencial para mejorar la seguridad p\u00fablica en la provincia.<br \/>\nA trav\u00e9s del programa Municipios Seguros se busca un fortalecimiento tecnol\u00f3gico de la seguridad municipal, atendiendo la mayor cercan\u00eda que tienen estos actores con las problem\u00e1ticas de su territorio, regulando en t\u00e9rminos estrat\u00e9gicos la descentralizaci\u00f3n y transferencia de recursos. Se promueve la integraci\u00f3n de todos los municipios en un sistema unitario de seguridad tecnol\u00f3gica, entendiendo que no existe comunidad, por peque\u00f1a que sea, que no necesite estar integrada en un Plan General de Seguridad sobre la base de las distintas realidades y necesidades que cada uno presenta y que tienen un creciente desarrollo de nuevas conflictividades, procurando la m\u00e1xima innovaci\u00f3n tecnol\u00f3gica y organizaci\u00f3n posible.<br \/>\nEl plan provincial tiene como objetivo aumentar el n\u00famero de agentes p\u00fablicos para llegar a una cifra de entre 6.557 y 7000, incluidos el personal subalterno y los oficiales, e incorporar a 350 agentes comunitarios. Tambi\u00e9n incluye la adquisici\u00f3n de veh\u00edculos y chalecos antibalas, as\u00ed como el fortalecimiento de las capacidades institucionales a trav\u00e9s del Instituto de Capacitaci\u00f3n y Formaci\u00f3n en Seguridad P\u00fablica. El r\u00e9gimen de promoci\u00f3n del Art\u00edculo 83 se modificar\u00e1 para garantizar un mejor proceso de formaci\u00f3n y un sistema de seguridad p\u00fablica de proximidad.<br \/>\nLa provincia  busca organizar una red de 178 cuadr\u00edculas, con su respectivos foros de seguridad y consejos de seguridad municipales para aumentar a\u00fan m\u00e1s la participaci\u00f3n de los ciudadanos.<br \/>\n\u201cNosotros hoy tenemos cerca de 7.000 agentes de seguridad p\u00fablica con las nuevas incorporaciones, adem\u00e1s de cerca de 1.668 veh\u00edculos de distintas caracter\u00edsticas y m\u00e1s 7.200 chalecos antibalas\u201d, dijo el gobernador. En este esquema hay que destacar la fuerte inversi\u00f3n en infraestructura edilicia, el aumento en los controles fronterizos con monitoreo a tiempo real y nueva tecnolog\u00eda y la ampliaci\u00f3n de 700 celdas en el Servicio Penitenciario para mejorar las condiciones de los centros de detenci\u00f3n.<br \/>\n\u201cHemos aumentado el presupuesto en seguridad y tambi\u00e9n tenemos m\u00e1s presupuesto en justicia, educaci\u00f3n y salud\u201d, dijo Capitanich.<br \/>\nMapa del Delito<br \/>\nEl gobernador Capitanich destac\u00f3 la importancia de la interconexi\u00f3n con el sistema de c\u00e1maras de seguridad privadas para conformar una red de monitoreo y vigilancia. &#8220;La ciudad de Resistencia cuenta con unas 460 c\u00e1maras de seguridad y Barranqueras ya suma m\u00e1s de 200 c\u00e1maras de seguridad, con la proyecci\u00f3n de interconectar con las 2.000 c\u00e1maras de seguridad privada\u201d, dijo el mandatario.<br \/>\nCapitanich remarc\u00f3: \u201cNosotros tenemos m\u00e1s o menos cerca de 2.000 c\u00e1maras de seguridad privada que est\u00e1n siendo consolidadas a trav\u00e9s del sistema multiagencial con el 911 y el sistema de monitoreo que tenemos en tiempo real\u201d.<br \/>\n\u201cApuntamos a tener una  red de c\u00e1maras muy significativa, que van a ser cerca de 2.500, entre p\u00fablico y privada. Esto tiene un nivel de profundizaci\u00f3n desde el punto de vista de los mecanismos de control a tiempo real y de fiscalizaci\u00f3n de la seguridad, porque se sigue un mapa del delito, con c\u00e1maras de seguridad, sistema de monitoreo a trav\u00e9s de un sistema multiagencial, patrulleros, cuadr\u00edculas y seguimiento de los delitos\u201d, dijo el gobernador..<br \/>\nEn este contexto, Capitanich asegur\u00f3 que en el marco de la confecci\u00f3n del mapa del delito, se necesita adem\u00e1s de un completo sistema de monitoreo por c\u00e1maras de seguridad, un refuerzo territorial con patrulleros que funcionen en circulaci\u00f3n permanente, con mayor frecuencia horario en las zonas donde se registra una mayor densidad del delito. Esto a su vez, se ver\u00e1 fortalecido por el sistema de los foros de seguridad, bien organizados, la participaci\u00f3n conjunta y mancomunada de la Justicia y la Polic\u00eda del Chaco, de manera de generar las condiciones para combatir el delito todo el tiempo.<\/p>\n","protected":false},"excerpt":{"rendered":"<p>El Gobierno Provincial sigue fortaleciendo el sistema de seguridad p\u00fablica a trav\u00e9s de programas especiales como el de Municipios Seguros, la modernizaci\u00f3n de los centros de monitoreo, la profesionalizaci\u00f3n de agentes y el suministro de equipos tecnol\u00f3gicos y de videovigilancia. El gobernador Capitanich destac\u00f3 el aumento del presupuesto en seguridad e infraestructura, m\u00e1s agentes de [&hellip;]<\/p>\n","protected":false},"author":1,"featured_media":23644,"comment_status":"closed","ping_status":"closed","sticky":false,"template":"","format":"standard","meta":{"footnotes":""},"categories":[6],"tags":[],"class_list":{"0":"post-23643","1":"post","2":"type-post","3":"status-publish","4":"format-standard","5":"has-post-thumbnail","7":"category-chaco"},"_links":{"self":[{"href":"https:\/\/chacosintesis.com.ar\/index.php\/wp-json\/wp\/v2\/posts\/23643","targetHints":{"allow":["GET"]}}],"collection":[{"href":"https:\/\/chacosintesis.com.ar\/index.php\/wp-json\/wp\/v2\/posts"}],"about":[{"href":"https:\/\/chacosintesis.com.ar\/index.php\/wp-json\/wp\/v2\/types\/post"}],"author":[{"embeddable":true,"href":"https:\/\/chacosintesis.com.ar\/index.php\/wp-json\/wp\/v2\/users\/1"}],"replies":[{"embeddable":true,"href":"https:\/\/chacosintesis.com.ar\/index.php\/wp-json\/wp\/v2\/comments?post=23643"}],"version-history":[{"count":0,"href":"https:\/\/chacosintesis.com.ar\/index.php\/wp-json\/wp\/v2\/posts\/23643\/revisions"}],"wp:featuredmedia":[{"embeddable":true,"href":"https:\/\/chacosintesis.com.ar\/index.php\/wp-json\/wp\/v2\/media\/23644"}],"wp:attachment":[{"href":"https:\/\/chacosintesis.com.ar\/index.php\/wp-json\/wp\/v2\/media?parent=23643"}],"wp:term":[{"taxonomy":"category","embeddable":true,"href":"https:\/\/chacosintesis.com.ar\/index.php\/wp-json\/wp\/v2\/categories?post=23643"},{"taxonomy":"post_tag","embeddable":true,"href":"https:\/\/chacosintesis.com.ar\/index.php\/wp-json\/wp\/v2\/tags?post=23643"}],"curies":[{"name":"wp","href":"https:\/\/api.w.org\/{rel}","templated":true}]}}