{"id":23637,"date":"2023-07-10T16:19:38","date_gmt":"2023-07-10T19:19:38","guid":{"rendered":"https:\/\/chacosintesis.com.ar\/?p=23637"},"modified":"2023-07-10T16:37:17","modified_gmt":"2023-07-10T19:37:17","slug":"trabajadoras-y-trabajadores-de-empresas-publicas-expusieron-sus-expectativas-para-los-proximos-anos","status":"publish","type":"post","link":"https:\/\/chacosintesis.com.ar\/index.php\/trabajadoras-y-trabajadores-de-empresas-publicas-expusieron-sus-expectativas-para-los-proximos-anos\/","title":{"rendered":"Trabajadoras y trabajadores de empresas p\u00fablicas expusieron sus expectativas para los pr\u00f3ximos a\u00f1os"},"content":{"rendered":"<p>Del encuentro surgi\u00f3 la elaboraci\u00f3n de un documento de recomendaciones que suscribir\u00e1 el gobernador. Las y los representantes de trabajadores remarcaron el compromiso del mandatario en el saneamiento de las empresas.<br \/>\nEl gobernador Jorge Capitanich se reuni\u00f3 este lunes con trabajadoras y trabajadores de las empresas p\u00fablicas de Chaco y estableci\u00f3 una planificaci\u00f3n para los pr\u00f3ximos cuatro a\u00f1os de gesti\u00f3n. &#8220;El objetivo es que las empresas p\u00fablicas sean sustentables financieramente, que presten servicios de calidad y que exista participaci\u00f3n de las y los trabajadores en la distribuci\u00f3n de utilidades&#8221;, dijo el mandatario.<br \/>\nTras el encuentro, Capitanich inform\u00f3 que las y los trabajadores redactar\u00e1n recomendaciones que formar\u00e1n parte de un documento de compromiso con las pol\u00edticas p\u00fablicas 2023-2027 que \u00e9l mismo suscribir\u00e1. \u201cLa labor que realizan el personal de las empresas estatales son y ser\u00e1n claves para el crecimiento de la provincia\u201d, enfatiz\u00f3.<br \/>\n\u201cEsto significa la capitalizaci\u00f3n accionaria de las y los trabajadores en las empresas p\u00fablicas, su participaci\u00f3n en la distribuci\u00f3n de utilidades, la organizaci\u00f3n de un holding para aumentar la productividad y rendimiento, mejorar la calidad de los servicios, incrementar los procesos de inversiones y capacitaci\u00f3n del personal\u201d, indic\u00f3 el gobernador.<br \/>\nParticiparon representantes de ECOM Chaco, Sameep, Secheep, Fiduciaria del Norte, Compa\u00f1\u00eda Log\u00edstica del Norte (COLONO), Laboratorios Chaque\u00f1os y Servicios Ferroviarios del Chaco (SEFECHA).<br \/>\nLa palabra de las y los trabajadores<br \/>\nEn representaci\u00f3n de las y los trabajadores de ECOM Chaco, estuvo el secretario general de UTICH, Diego Almir\u00f3n, quien asegur\u00f3 que cada trabajadora y trabajador fueron una pieza clave en el crecimiento exponencial de la empresa durante los \u00faltimos a\u00f1os de gesti\u00f3n.<br \/>\n\u201cA cada uno de estos proyectos le dedicamos muchas horas de nuestra vida, nuestra capacidad, nuestro ingenio y mano de obra. El desaf\u00edo hoy es poder darle continuidad a toda esta labor en los pr\u00f3ximos cuatro a\u00f1os, por lo que le pedimos a Capitanich nuevamente su acompa\u00f1amiento&#8221;, manifest\u00f3 Almir\u00f3n. &#8220;El acompa\u00f1amiento es rec\u00edproco de parte de las y los trabajadores de ECOM para con el proyecto de gobierno que \u00e9l gestione y que, como ya se dio pruebas suficientes, cambi\u00f3 la vida de las y los chaque\u00f1os\u201d, asegur\u00f3.<br \/>\nEn la misma sinton\u00eda, la presidenta de COLONO, Mar\u00eda Lidia C\u00e1ceres, remarc\u00f3 el servicio de gran calidad que est\u00e1n prestando las empresas p\u00fablicas. \u201cLa provincia puede demostrar con acciones que tiene un Estado eficiente y que COLONO a su vez es modelo en la distribuci\u00f3n de medicamentos&#8221;, resalt\u00f3.<\/p>\n","protected":false},"excerpt":{"rendered":"<p>Del encuentro surgi\u00f3 la elaboraci\u00f3n de un documento de recomendaciones que suscribir\u00e1 el gobernador. Las y los representantes de trabajadores remarcaron el compromiso del mandatario en el saneamiento de las empresas. El gobernador Jorge Capitanich se reuni\u00f3 este lunes con trabajadoras y trabajadores de las empresas p\u00fablicas de Chaco y estableci\u00f3 una planificaci\u00f3n para los [&hellip;]<\/p>\n","protected":false},"author":1,"featured_media":23638,"comment_status":"closed","ping_status":"closed","sticky":false,"template":"","format":"standard","meta":{"footnotes":""},"categories":[6],"tags":[],"class_list":{"0":"post-23637","1":"post","2":"type-post","3":"status-publish","4":"format-standard","5":"has-post-thumbnail","7":"category-chaco"},"_links":{"self":[{"href":"https:\/\/chacosintesis.com.ar\/index.php\/wp-json\/wp\/v2\/posts\/23637","targetHints":{"allow":["GET"]}}],"collection":[{"href":"https:\/\/chacosintesis.com.ar\/index.php\/wp-json\/wp\/v2\/posts"}],"about":[{"href":"https:\/\/chacosintesis.com.ar\/index.php\/wp-json\/wp\/v2\/types\/post"}],"author":[{"embeddable":true,"href":"https:\/\/chacosintesis.com.ar\/index.php\/wp-json\/wp\/v2\/users\/1"}],"replies":[{"embeddable":true,"href":"https:\/\/chacosintesis.com.ar\/index.php\/wp-json\/wp\/v2\/comments?post=23637"}],"version-history":[{"count":0,"href":"https:\/\/chacosintesis.com.ar\/index.php\/wp-json\/wp\/v2\/posts\/23637\/revisions"}],"wp:featuredmedia":[{"embeddable":true,"href":"https:\/\/chacosintesis.com.ar\/index.php\/wp-json\/wp\/v2\/media\/23638"}],"wp:attachment":[{"href":"https:\/\/chacosintesis.com.ar\/index.php\/wp-json\/wp\/v2\/media?parent=23637"}],"wp:term":[{"taxonomy":"category","embeddable":true,"href":"https:\/\/chacosintesis.com.ar\/index.php\/wp-json\/wp\/v2\/categories?post=23637"},{"taxonomy":"post_tag","embeddable":true,"href":"https:\/\/chacosintesis.com.ar\/index.php\/wp-json\/wp\/v2\/tags?post=23637"}],"curies":[{"name":"wp","href":"https:\/\/api.w.org\/{rel}","templated":true}]}}