{"id":23627,"date":"2023-07-10T08:45:29","date_gmt":"2023-07-10T11:45:29","guid":{"rendered":"https:\/\/chacosintesis.com.ar\/?p=23627"},"modified":"2023-07-10T09:07:06","modified_gmt":"2023-07-10T12:07:06","slug":"el-tiempo-en-la-region-probables-lluvias-y-descenso-de-la-temperatura","status":"publish","type":"post","link":"https:\/\/chacosintesis.com.ar\/index.php\/el-tiempo-en-la-region-probables-lluvias-y-descenso-de-la-temperatura\/","title":{"rendered":"El tiempo en la regi\u00f3n: probables lluvias y descenso de la temperatura"},"content":{"rendered":"<p>Seg\u00fan el Servicio Meteorol\u00f3gico Nacional, promediando la semana laboral ingresar\u00e1 un frente fr\u00edo que generar\u00e1 las condiciones para el retorno de las precipitaciones y una ca\u00edda de los registros t\u00e9rmicos a valores m\u00e1s acordes a esta \u00e9poca del a\u00f1o.<\/p>\n<p>El extendido \u201cveranillo de San Juan\u201d que atraviesa la provincia desde los \u00faltimos d\u00edas de junio, tendr\u00eda fecha de vencimiento. Es que el Servicio Meteorol\u00f3gico Nacional  pronostica para esta semana, condiciones del tiempo inestables y descenso de la temperatura a partir del mi\u00e9rcoles 12 de julio.<br \/>\nEn rigor, en el \u00c1rea Metropolitana del Gran Resistencia y las zonas aleda\u00f1as, las \u00faltimas jornadas transcurrieron con algunas precipitaciones aisladas, sin embargo esto no vino de la mano con un descenso de la temperatura, que promedi\u00f3 los 18\u00b0 de m\u00ednima y los 24\u00b0 de m\u00e1xima.<br \/>\nPara lo que resta de este domingo, el organismo nacional estima que continuar\u00e1 el cielo nublado, con una temperatura m\u00e1xima de 25\u00b0 que ir\u00e1 descendiendo paulatinamente.<br \/>\nLas probabilidades de lluvias y tormentas comenzar\u00e1n a hacerse m\u00e1s visibles a partir del lunes y continuar\u00e1n el martes, con el viento soplando desde el sector Este y registros t\u00e9rmicos que oscilar\u00e1n entre los 17\u00b0 y los 23\u00b0, manteniendo las condiciones del fin de semana.<br \/>\nSin embargo, el escenario cambiar\u00e1 el mi\u00e9rcoles con el ingreso del frente fr\u00edo de la mano de r\u00e1fagas de viento de hasta 55 Km\/h provenientes del sector Sur, lo que generar\u00e1 una notable baja en la temperatura.<br \/>\nPara ese d\u00eda, se espera una m\u00ednima de 11\u00b0 y una m\u00e1xima de 17\u00b0; mientras que el jueves mejorar\u00e1n las condiciones, pero la temperatura seguir\u00e1 en descenso para ubicarse entre los 7\u00b0 de m\u00ednima y los 16\u00b0 de m\u00e1xima.<br \/>\nCon las mismas condiciones del tiempo transcurrir\u00e1 el viernes, con fr\u00edo por la ma\u00f1ana y fresco por las tardes, en el preludio de un fin de semana en el que se espera buen tiempo.<\/p>\n","protected":false},"excerpt":{"rendered":"<p>Seg\u00fan el Servicio Meteorol\u00f3gico Nacional, promediando la semana laboral ingresar\u00e1 un frente fr\u00edo que generar\u00e1 las condiciones para el retorno de las precipitaciones y una ca\u00edda de los registros t\u00e9rmicos a valores m\u00e1s acordes a esta \u00e9poca del a\u00f1o. El extendido \u201cveranillo de San Juan\u201d que atraviesa la provincia desde los \u00faltimos d\u00edas de junio, [&hellip;]<\/p>\n","protected":false},"author":1,"featured_media":23628,"comment_status":"closed","ping_status":"closed","sticky":false,"template":"","format":"standard","meta":{"footnotes":""},"categories":[6],"tags":[197],"class_list":{"0":"post-23627","1":"post","2":"type-post","3":"status-publish","4":"format-standard","5":"has-post-thumbnail","7":"category-chaco","8":"tag-destacada"},"_links":{"self":[{"href":"https:\/\/chacosintesis.com.ar\/index.php\/wp-json\/wp\/v2\/posts\/23627","targetHints":{"allow":["GET"]}}],"collection":[{"href":"https:\/\/chacosintesis.com.ar\/index.php\/wp-json\/wp\/v2\/posts"}],"about":[{"href":"https:\/\/chacosintesis.com.ar\/index.php\/wp-json\/wp\/v2\/types\/post"}],"author":[{"embeddable":true,"href":"https:\/\/chacosintesis.com.ar\/index.php\/wp-json\/wp\/v2\/users\/1"}],"replies":[{"embeddable":true,"href":"https:\/\/chacosintesis.com.ar\/index.php\/wp-json\/wp\/v2\/comments?post=23627"}],"version-history":[{"count":0,"href":"https:\/\/chacosintesis.com.ar\/index.php\/wp-json\/wp\/v2\/posts\/23627\/revisions"}],"wp:featuredmedia":[{"embeddable":true,"href":"https:\/\/chacosintesis.com.ar\/index.php\/wp-json\/wp\/v2\/media\/23628"}],"wp:attachment":[{"href":"https:\/\/chacosintesis.com.ar\/index.php\/wp-json\/wp\/v2\/media?parent=23627"}],"wp:term":[{"taxonomy":"category","embeddable":true,"href":"https:\/\/chacosintesis.com.ar\/index.php\/wp-json\/wp\/v2\/categories?post=23627"},{"taxonomy":"post_tag","embeddable":true,"href":"https:\/\/chacosintesis.com.ar\/index.php\/wp-json\/wp\/v2\/tags?post=23627"}],"curies":[{"name":"wp","href":"https:\/\/api.w.org\/{rel}","templated":true}]}}