{"id":23617,"date":"2023-07-09T18:40:28","date_gmt":"2023-07-09T21:40:28","guid":{"rendered":"https:\/\/chacosintesis.com.ar\/?p=23617"},"modified":"2023-07-09T19:06:39","modified_gmt":"2023-07-09T22:06:39","slug":"el-gobierno-provincial-inauguro-un-hospital-las-primeras-cuadras-de-pavimento-urbano-y-otras-obras-en-el-espinillo","status":"publish","type":"post","link":"https:\/\/chacosintesis.com.ar\/index.php\/el-gobierno-provincial-inauguro-un-hospital-las-primeras-cuadras-de-pavimento-urbano-y-otras-obras-en-el-espinillo\/","title":{"rendered":"El gobierno provincial inaugur\u00f3 un hospital, las primeras cuadras de pavimento urbano y otras obras en El Espinillo"},"content":{"rendered":"<p>En el D\u00eda de la Independencia Nacional y en conmemoraci\u00f3n de un nuevo aniversario de esa localidad, el gobernador Jorge Capitanich habilit\u00f3 m\u00faltiples obras de infraestructura entre las que se destacan el Hospital de complejidad III y las primeras diez cuadras de pavimento de su historia.<br \/>\nEl gobernador Jorge Capitanich, junto a la vicegobernadora Anal\u00eda Rach Quiroga, participaron este domingo en una jornada de inauguraciones en El Espinillo, en el marco de un nuevo aniversario de la independencia nacional y de las celebraciones por un a\u00f1o m\u00e1s de esa localidad. \u201cEn el d\u00eda de la independencia hacemos patria inaugurando obras que transforman la calidad de vida de las familias\u201d, asegur\u00f3 el gobernador. Este s\u00e1bado 8 de julio, el municipio de El Espinillo cumpli\u00f3 40 a\u00f1os y el gobierno provincial acompa\u00f1\u00f3 este festejo con la comunidad: \u201cEs una transformaci\u00f3n extraordinaria la que est\u00e1 viviendo la localidad\u201d, celebr\u00f3.<br \/>\nEl mandatario inaugur\u00f3 importantes obras de infraestructura, como el Hospital de complejidad III, un centro de salud, un Centro de Desarrollo Infantil, la refacci\u00f3n de la Comisar\u00eda, una Sala de Extracci\u00f3n de Miel y las primeras diez cuadras de pavimento de la historia de esa localidad.<br \/>\nM\u00e1s desarrollo para la regi\u00f3n<br \/>\nEl gobernador y dem\u00e1s autoridades inauguraron en primer t\u00e9rmino el Centro de Salud del Pozo La China, que se suma a una red de centros de atenci\u00f3n primaria de la salud que funcionan en distintos parajes de la zona. \u201cEs un Centro de Salud de excelencia, con las condiciones necesarias para una mejor atenci\u00f3n\u201d, remarc\u00f3 el mandatario.<br \/>\nPosteriormente, inaugur\u00f3 la esperada obra del Hospital de El Espinillo, que obtuvo una recategorizaci\u00f3n de Centro de Salud a Hospital de nivel III. \u201cSer\u00e1 un hospital de referencia para toda la zona, que tendr\u00e1 la complementaci\u00f3n y equipamiento durante este mes para garantizar el pleno funcionamiento en agosto\u201d, agreg\u00f3 el gobernador.<br \/>\nEn la jornada se habilit\u00f3 adem\u00e1s el Centro de Desarrollo Infantil, para la atenci\u00f3n y asistencia nutricional, estimulaci\u00f3n temprana y desarrollo psicomotriz de ni\u00f1os y ni\u00f1as de 45 d\u00edas a cuatro a\u00f1os. \u201cEstos procesos y espacios son indispensables para una inclusi\u00f3n social plena en el sistema educativo\u201d, remarc\u00f3 el mandatario.<br \/>\nAsimismo, Capitanich se refiri\u00f3 a la inauguraci\u00f3n de la sala de extracci\u00f3n de miel que beneficiar\u00e1 a una red de m\u00e1s de 36 familias productoras: \u201cEstamos trabajando para motorizar y promover la producci\u00f3n de miel org\u00e1nica requerida a nivel internacional, que permite crear fuentes de empleo para muchas familias de la comunidad\u201d, indic\u00f3.<br \/>\nJornada hist\u00f3rica<\/p>\n<p>Finalmente, asegur\u00f3 que es un \u201cd\u00eda hist\u00f3rico\u201d para la comunidad, por inaugurarse tambi\u00e9n las primeras diez cuadras de pavimento. \u201cSe est\u00e1n ejecutando adem\u00e1s 6 cuadras m\u00e1s, en el marco de una obra que tiene que ver con la conectividad vial entre Villa R\u00edo Bermejito y El Espinillo\u201d, agreg\u00f3. \u201cSeguiremos haciendo m\u00e1s inversiones para generar m\u00e1s empleo y continuidad en el desarrollo de la localidad\u201d, afirm\u00f3 el gobernador.<br \/>\n\u201cHoy es un d\u00eda emblem\u00e1tico, el d\u00eda de la Independencia y lo celebramos inaugurando obras lo cual lo hace mucho m\u00e1s especial\u201d, expres\u00f3 Rach Quiroga y agreg\u00f3: \u201cGarantizamos el cumplimiento de derechos humanos para toda la poblaci\u00f3n, lo que es posible gracias a un gobierno y un Estado presente que impulsan las pol\u00edticas indispensables para lograrlo\u201d.<br \/>\nEstuvieron presentes las ministras de Salud P\u00fablica, Carolina Centeno; de Seguridad y Justicia Gloria Zalazar; la ministra de Ambiente y Desarrollo Territorial Sostenible, Marta Soneira; el ministro de Educaci\u00f3n Aldo Lineras; la subsecretaria de Ni\u00f1ez Adolescencia y Familia Graciela Cavana; el presidente del Instituto de Cultura Francisco \u201cTete\u201d Romero; el intendente local Zen\u00f3n Cuellar; el diputado Juan Jos\u00e9 Bergia; los intendentes de Fuerte Esperanza (In\u00e9s Ortega), Juan Jos\u00e9 Castelli (P\u00edo Sander) y Villa R\u00edo Bermejito (Julio C\u00e9sar Paredez).<br \/>\nEn tanto el intendente Zenon Cuellar expres\u00f3: \u201cEs un d\u00eda hist\u00f3rico, ayer celebramos los 40 a\u00f1os de vida, y festejamos el d\u00eda de la independencia con la inauguraci\u00f3n de las primeras 10 cuadras de pavimento en la historia y obras de gran importancia para la comunidad\u201d. As\u00ed, agradeci\u00f3 la gesti\u00f3n y acompa\u00f1amiento del gobernador Jorge Capitanich: \u201cVamos a seguir trabajando juntos para el progreso y crecimiento de nuestra comunidad\u201d, dijo.<br \/>\nInfraestructura sanitaria<\/p>\n<p>La obra del Centro de Atenci\u00f3n de complejidad I demand\u00f3 una inversi\u00f3n de $31.064.620 a trav\u00e9s del Ministerio de Planificaci\u00f3n Econom\u00eda e Infraestructura. Consisti\u00f3 en la construcci\u00f3n a nuevo del edificio, con consultorio de enfermer\u00eda y una farmacia como locales principales, destinados a la atenci\u00f3n del p\u00fablico, sala de espera, cocina, n\u00facleos de ba\u00f1os y dep\u00f3sitos.<br \/>\nEn tanto el Hospital de Nivel III demand\u00f3 una inversi\u00f3n de $160.316.615 que se realiz\u00f3 a trav\u00e9s de Fonplata. Se realiz\u00f3 la construcci\u00f3n de un edificio nuevo con \u00e1reas ambulatoria y administrativa, de internaci\u00f3n, \u00e1rea de partos y atenci\u00f3n cr\u00edtica, de abastecimiento y procesamiento y circulaciones.<br \/>\nLa ministra de Salud, Carolina Centeno, asegur\u00f3 que los centros de salud en parajes y puestos rurales que se vienen inaugurando sistem\u00e1ticamente forman parte de una mirada federal intraprovincial de la actual gesti\u00f3n, que tiene como eje no solo pensar en las grandes ciudades, sino en todo el Chaco para lograr mayor inclusi\u00f3n y equidad. \u201cEstamos muy orgullosos de favorecer la inclusi\u00f3n primaria de salud de quienes viven en \u00e1mbitos rurales\u201d, expres\u00f3.<br \/>\nLa inauguraci\u00f3n implic\u00f3 una recategorizaci\u00f3n para el efector de salud: pas\u00f3 de ser un puesto sanitario a ser un hospital. \u201cAhora tiene m\u00e1s capacidad diagn\u00f3stica y de tratamiento, est\u00e1 preparado para recibir un equipo de rayos x y un laboratorio y se habilitar\u00e1 la sala de internaci\u00f3n con 26 camas, con equipos y personal suficiente y capaz para poder disminuir las derivaciones y aumentar la resoluci\u00f3n de los problemas de salud en el lugar\u201d, detall\u00f3 ministra de salud.<br \/>\nAnticip\u00f3 que contar\u00e1 con enfermeros interculturales biling\u00fces y con el Servicio de Asistencia, Acompa\u00f1amiento y Orientaci\u00f3n Iind\u00edgena (SASORI), integrado por traductores que forman parte de los agentes de salud. \u201cBuscamos que sean parte de la comunidad, l\u00edderes comunitarios y puedan hablar el mismo idioma\u201d, remarc\u00f3<br \/>\nPrimeras cuadras de pavimento<br \/>\nLas 10 cuadras de pavimento inauguradas en la jornada se realizaron con una inversi\u00f3n de $4.143.224,422,48 a trav\u00e9s de un convenio entre Vialidad Nacional y Vialidad Provincial. Adem\u00e1s, est\u00e1n en proceso de ejecuci\u00f3n otras 6 cuadras de pavimento, financiados a trav\u00e9s de un convenio entre el municipio y el Ministerio de Planificaci\u00f3n Econom\u00eda e Infraestructura de la provincia ($94.848.707,07).<br \/>\nCDI y comisar\u00eda<br \/>\nLa obra del CDI tuvo una inversi\u00f3n de $72.024.785,14 a trav\u00e9s del Ministerio de Planificaci\u00f3n Econom\u00eda e Infraestructura. Consisti\u00f3 en la realizaci\u00f3n de la sede de El Espinillo de una de las instituciones que se dedica a atender a ni\u00f1os en condici\u00f3n de vulnerabilidad por profesionales que les ayudan a potenciar el desarrollo de la primera infancia y les brindan atenci\u00f3n integral por medio de la educaci\u00f3n inicial.<br \/>\nPor otro lado, la refacci\u00f3n de la Comisar\u00eda se concret\u00f3 con una inversi\u00f3n de $47.686.601 tambi\u00e9n a trav\u00e9s del Ministerio de Planificaci\u00f3n Econom\u00eda e Infraestructura. Se construyeron tres celdas con sus respectivos ba\u00f1os, cada una con seis camastros para el uso de personas alojadas o detenidas en esta dependencia policial; siendo un total de 18 camas con sus respectivos agregados, adem\u00e1s del acondicionamiento del sector de patio y recreamiento y el correspondiente sector de contralor para el personal policial afectado a tal fin.<\/p>\n","protected":false},"excerpt":{"rendered":"<p>En el D\u00eda de la Independencia Nacional y en conmemoraci\u00f3n de un nuevo aniversario de esa localidad, el gobernador Jorge Capitanich habilit\u00f3 m\u00faltiples obras de infraestructura entre las que se destacan el Hospital de complejidad III y las primeras diez cuadras de pavimento de su historia. El gobernador Jorge Capitanich, junto a la vicegobernadora Anal\u00eda [&hellip;]<\/p>\n","protected":false},"author":1,"featured_media":23618,"comment_status":"closed","ping_status":"closed","sticky":false,"template":"","format":"standard","meta":{"footnotes":""},"categories":[6],"tags":[],"class_list":{"0":"post-23617","1":"post","2":"type-post","3":"status-publish","4":"format-standard","5":"has-post-thumbnail","7":"category-chaco"},"_links":{"self":[{"href":"https:\/\/chacosintesis.com.ar\/index.php\/wp-json\/wp\/v2\/posts\/23617","targetHints":{"allow":["GET"]}}],"collection":[{"href":"https:\/\/chacosintesis.com.ar\/index.php\/wp-json\/wp\/v2\/posts"}],"about":[{"href":"https:\/\/chacosintesis.com.ar\/index.php\/wp-json\/wp\/v2\/types\/post"}],"author":[{"embeddable":true,"href":"https:\/\/chacosintesis.com.ar\/index.php\/wp-json\/wp\/v2\/users\/1"}],"replies":[{"embeddable":true,"href":"https:\/\/chacosintesis.com.ar\/index.php\/wp-json\/wp\/v2\/comments?post=23617"}],"version-history":[{"count":0,"href":"https:\/\/chacosintesis.com.ar\/index.php\/wp-json\/wp\/v2\/posts\/23617\/revisions"}],"wp:featuredmedia":[{"embeddable":true,"href":"https:\/\/chacosintesis.com.ar\/index.php\/wp-json\/wp\/v2\/media\/23618"}],"wp:attachment":[{"href":"https:\/\/chacosintesis.com.ar\/index.php\/wp-json\/wp\/v2\/media?parent=23617"}],"wp:term":[{"taxonomy":"category","embeddable":true,"href":"https:\/\/chacosintesis.com.ar\/index.php\/wp-json\/wp\/v2\/categories?post=23617"},{"taxonomy":"post_tag","embeddable":true,"href":"https:\/\/chacosintesis.com.ar\/index.php\/wp-json\/wp\/v2\/tags?post=23617"}],"curies":[{"name":"wp","href":"https:\/\/api.w.org\/{rel}","templated":true}]}}