{"id":23611,"date":"2023-07-09T18:29:20","date_gmt":"2023-07-09T21:29:20","guid":{"rendered":"https:\/\/chacosintesis.com.ar\/?p=23611"},"modified":"2023-07-09T18:37:31","modified_gmt":"2023-07-09T21:37:31","slug":"caso-cecilia-el-ministerio-de-seguridad-dio-de-baja-a-un-asesor-tras-conocerse-su-incorporacion-en-la-defensa-del-matrimonio-sena","status":"publish","type":"post","link":"https:\/\/chacosintesis.com.ar\/index.php\/caso-cecilia-el-ministerio-de-seguridad-dio-de-baja-a-un-asesor-tras-conocerse-su-incorporacion-en-la-defensa-del-matrimonio-sena\/","title":{"rendered":"Caso Cecilia: El Ministerio de Seguridad dio de baja a un asesor tras conocerse su incorporaci\u00f3n en la defensa del matrimonio Sena"},"content":{"rendered":"<p>Se trata del abogado Armando Nicol\u00e1s Boniardi Cabra, quien asumi\u00f3 funciones en enero de este a\u00f1o en la asesor\u00eda de asuntos vinculados a los Foros de Seguridad. \u201cLa decisi\u00f3n fue tomada de manera inmediata e irrevocable\u201d, subray\u00f3 Zalazar.<br \/>\nLa ministra de Seguridad y Justicia de la provincia, Gloria Zalazar, defini\u00f3 dar de baja este domingo a un integrante del ministerio que desempe\u00f1aba funciones de la asesor\u00eda en asuntos vinculados a los foros de seguridad, tras conocerse que participar\u00e1 en el equipo de abogados defensores del matrimonio Sena en la causa por la desaparici\u00f3n y presunto femicidio de Cecilia Strzyzowski.<br \/>\nLa decisi\u00f3n fue tomada \u201cde manera inmediata e irrevocable\u201d, subray\u00f3 Zalazar, luego de tomar conocimiento a trav\u00e9s de los medios de comunicaci\u00f3n acerca de la incorporaci\u00f3n del abogado Armando Nicol\u00e1s Boniardi Cabra al equipo de defensa de Emerenciano Sena y Marcela Acu\u00f1a junto al letrado Ricardo Ariel Osuna.<br \/>\nBoniardi Cabra se desempe\u00f1aba como asesor sobre asuntos relacionados al esquema de foros de seguridad. Basados en la Ley de Seguridad P\u00fablica 2011-J, estos foros vecinales est\u00e1n integrados por grupos de vecinos y organizaciones de la sociedad civil que tienen la funci\u00f3n de mantener reuniones peri\u00f3dicas, solicitar informes, presentar reclamos, formular sugerencias y tambi\u00e9n propuestas a las autoridades del ministerio de Seguridad y Justicia.<\/p>\n","protected":false},"excerpt":{"rendered":"<p>Se trata del abogado Armando Nicol\u00e1s Boniardi Cabra, quien asumi\u00f3 funciones en enero de este a\u00f1o en la asesor\u00eda de asuntos vinculados a los Foros de Seguridad. \u201cLa decisi\u00f3n fue tomada de manera inmediata e irrevocable\u201d, subray\u00f3 Zalazar. La ministra de Seguridad y Justicia de la provincia, Gloria Zalazar, defini\u00f3 dar de baja este domingo [&hellip;]<\/p>\n","protected":false},"author":1,"featured_media":23612,"comment_status":"closed","ping_status":"closed","sticky":false,"template":"","format":"standard","meta":{"footnotes":""},"categories":[6],"tags":[],"class_list":{"0":"post-23611","1":"post","2":"type-post","3":"status-publish","4":"format-standard","5":"has-post-thumbnail","7":"category-chaco"},"_links":{"self":[{"href":"https:\/\/chacosintesis.com.ar\/index.php\/wp-json\/wp\/v2\/posts\/23611","targetHints":{"allow":["GET"]}}],"collection":[{"href":"https:\/\/chacosintesis.com.ar\/index.php\/wp-json\/wp\/v2\/posts"}],"about":[{"href":"https:\/\/chacosintesis.com.ar\/index.php\/wp-json\/wp\/v2\/types\/post"}],"author":[{"embeddable":true,"href":"https:\/\/chacosintesis.com.ar\/index.php\/wp-json\/wp\/v2\/users\/1"}],"replies":[{"embeddable":true,"href":"https:\/\/chacosintesis.com.ar\/index.php\/wp-json\/wp\/v2\/comments?post=23611"}],"version-history":[{"count":0,"href":"https:\/\/chacosintesis.com.ar\/index.php\/wp-json\/wp\/v2\/posts\/23611\/revisions"}],"wp:featuredmedia":[{"embeddable":true,"href":"https:\/\/chacosintesis.com.ar\/index.php\/wp-json\/wp\/v2\/media\/23612"}],"wp:attachment":[{"href":"https:\/\/chacosintesis.com.ar\/index.php\/wp-json\/wp\/v2\/media?parent=23611"}],"wp:term":[{"taxonomy":"category","embeddable":true,"href":"https:\/\/chacosintesis.com.ar\/index.php\/wp-json\/wp\/v2\/categories?post=23611"},{"taxonomy":"post_tag","embeddable":true,"href":"https:\/\/chacosintesis.com.ar\/index.php\/wp-json\/wp\/v2\/tags?post=23611"}],"curies":[{"name":"wp","href":"https:\/\/api.w.org\/{rel}","templated":true}]}}