{"id":23591,"date":"2023-07-09T17:58:29","date_gmt":"2023-07-09T20:58:29","guid":{"rendered":"https:\/\/chacosintesis.com.ar\/?p=23591"},"modified":"2023-07-09T18:07:07","modified_gmt":"2023-07-09T21:07:07","slug":"el-ministerio-de-educacion-se-reunio-con-la-familia-del-nino-agredido-en-un-jardin-maternal","status":"publish","type":"post","link":"https:\/\/chacosintesis.com.ar\/index.php\/el-ministerio-de-educacion-se-reunio-con-la-familia-del-nino-agredido-en-un-jardin-maternal\/","title":{"rendered":"El Ministerio de Educaci\u00f3n se reuni\u00f3 con la familia del ni\u00f1o agredido en un jard\u00edn maternal"},"content":{"rendered":"<p>Las autoridades recibieron los detalles sobre la situaci\u00f3n y la documentaci\u00f3n correspondiente sobre las denuncias realizadas, por lo que expresaron el apoyo del Ministerio de Educaci\u00f3n tanto a la familia como al menor con el fin de garantizar la integridad f\u00edsica y ps\u00edquica del ni\u00f1o, su resguardo y bienestar.<br \/>\nEl ministro de Educaci\u00f3n, Aldo Lineras, recibi\u00f3 a familiares del menor de dos a\u00f1os que asiste a un jard\u00edn maternal de gesti\u00f3n privada de Resistencia y que aparentemente habr\u00eda sido agredido por otro ni\u00f1o, como denunciaron p\u00fablicamente. Tambi\u00e9n estuvo presente en esta reuni\u00f3n el director general de Gesti\u00f3n Educativa, Enrique Soto; el director de la Regional Educativa 10 A, Omar Rojo; y el director de Educaci\u00f3n P\u00fablica de Gesti\u00f3n Privada, Enrique Dambra. Las autoridades recepcionaron los detalles sobre la situaci\u00f3n que vivieron a ra\u00edz de estos hechos y que dieron a conocer p\u00fablicamente. Recibieron la documentaci\u00f3n correspondiente sobre las denuncias realizadas, por lo que expresaron el apoyo del Ministerio de Educaci\u00f3n tanto a la familia como al menor con el fin de garantizar la integridad f\u00edsica y ps\u00edquica del ni\u00f1o, su resguardo y bienestar. Adem\u00e1s, se comprometieron a garantizar la intervenci\u00f3n del Equipo de Apoyo Interdisciplinario de la Direcci\u00f3n de Bienestar Educativo, para realizar la asistencia psicol\u00f3gica. Adem\u00e1s, este lunes el director Dambra junto al equipo de supervisi\u00f3n concurrir\u00e1n al jard\u00edn para iniciar las actuaciones que correspondan, aclarando que si bien esta instituci\u00f3n es un maternal (lo que implica que recibe menores de 45 d\u00edas hasta 3 a\u00f1os) y no est\u00e1 regulado por el ministerio pero s\u00ed el funcionamiento como Unidad Educativa Privada. La familia del ni\u00f1o agradeci\u00f3 el acompa\u00f1amiento de las autoridades para esclarecer lo que sucedi\u00f3, a los efectos de evitar que pueda repetirse una situaci\u00f3n de agresi\u00f3n de ese tipo en el Jard\u00edn.<\/p>\n","protected":false},"excerpt":{"rendered":"<p>Las autoridades recibieron los detalles sobre la situaci\u00f3n y la documentaci\u00f3n correspondiente sobre las denuncias realizadas, por lo que expresaron el apoyo del Ministerio de Educaci\u00f3n tanto a la familia como al menor con el fin de garantizar la integridad f\u00edsica y ps\u00edquica del ni\u00f1o, su resguardo y bienestar. El ministro de Educaci\u00f3n, Aldo Lineras, [&hellip;]<\/p>\n","protected":false},"author":1,"featured_media":23592,"comment_status":"closed","ping_status":"closed","sticky":false,"template":"","format":"standard","meta":{"footnotes":""},"categories":[6],"tags":[],"class_list":{"0":"post-23591","1":"post","2":"type-post","3":"status-publish","4":"format-standard","5":"has-post-thumbnail","7":"category-chaco"},"_links":{"self":[{"href":"https:\/\/chacosintesis.com.ar\/index.php\/wp-json\/wp\/v2\/posts\/23591","targetHints":{"allow":["GET"]}}],"collection":[{"href":"https:\/\/chacosintesis.com.ar\/index.php\/wp-json\/wp\/v2\/posts"}],"about":[{"href":"https:\/\/chacosintesis.com.ar\/index.php\/wp-json\/wp\/v2\/types\/post"}],"author":[{"embeddable":true,"href":"https:\/\/chacosintesis.com.ar\/index.php\/wp-json\/wp\/v2\/users\/1"}],"replies":[{"embeddable":true,"href":"https:\/\/chacosintesis.com.ar\/index.php\/wp-json\/wp\/v2\/comments?post=23591"}],"version-history":[{"count":0,"href":"https:\/\/chacosintesis.com.ar\/index.php\/wp-json\/wp\/v2\/posts\/23591\/revisions"}],"wp:featuredmedia":[{"embeddable":true,"href":"https:\/\/chacosintesis.com.ar\/index.php\/wp-json\/wp\/v2\/media\/23592"}],"wp:attachment":[{"href":"https:\/\/chacosintesis.com.ar\/index.php\/wp-json\/wp\/v2\/media?parent=23591"}],"wp:term":[{"taxonomy":"category","embeddable":true,"href":"https:\/\/chacosintesis.com.ar\/index.php\/wp-json\/wp\/v2\/categories?post=23591"},{"taxonomy":"post_tag","embeddable":true,"href":"https:\/\/chacosintesis.com.ar\/index.php\/wp-json\/wp\/v2\/tags?post=23591"}],"curies":[{"name":"wp","href":"https:\/\/api.w.org\/{rel}","templated":true}]}}