{"id":23589,"date":"2023-07-09T17:57:30","date_gmt":"2023-07-09T20:57:30","guid":{"rendered":"https:\/\/chacosintesis.com.ar\/?p=23589"},"modified":"2023-07-09T18:07:07","modified_gmt":"2023-07-09T21:07:07","slug":"el-espiritu-libertario-de-nuestra-patria-se-funda-en-las-comunidades-criollas-originarias-y-colectividades-para-formar-parte-de-la-identidad-de-las-provincias-de-sudamerica","status":"publish","type":"post","link":"https:\/\/chacosintesis.com.ar\/index.php\/el-espiritu-libertario-de-nuestra-patria-se-funda-en-las-comunidades-criollas-originarias-y-colectividades-para-formar-parte-de-la-identidad-de-las-provincias-de-sudamerica\/","title":{"rendered":"&#8220;El esp\u00edritu libertario de nuestra Patria se funda en las comunidades criollas, originarias y colectividades, para formar parte de la identidad de las provincias de Sudam\u00e9rica&#8221;"},"content":{"rendered":"<p>En el acto oficial por el aniversario 207\u00b0 de la Declaraci\u00f3n de la Independencia argentina, el gobernador repas\u00f3 los hitos que permitieron al pa\u00eds consolidar el funcionamiento de las instituciones democr\u00e1ticas.<br \/>\nEste domingo 9 de julio, el gobernador Jorge Capitanich, junto a funcionarios y funcionarias provinciales y municipales, particip\u00f3 del acto oficial por el 207\u00b0 aniversario de la Declaraci\u00f3n de la Independencia argentina.<br \/>\nEn El Espinillo, Capitanich inaugur\u00f3 las obras del Centro de Atenci\u00f3n Primaria de la Salud de Pozo La China, la refacci\u00f3n de la Comisar\u00eda, el nuevo Hospital de El Espinillo, el Centro de Desarrollo Infantil y 10 cuadras de pavimento urbano.<br \/>\nAdem\u00e1s, en esa localidad, se ejecutan obras de energ\u00eda el\u00e9ctrica, conexiones de agua y viviendas.<br \/>\nEn su alocuci\u00f3n, el primer mandatario provincial record\u00f3 la conmemoraci\u00f3n por los 40 a\u00f1os de la fundaci\u00f3n de El Espinillo y manifest\u00f3 que \u201ctiene que ver con los 40 a\u00f1os de democracia ininterrumpida, que ha permitido la estabilidad pol\u00edtica y el funcionamiento de las instituciones democr\u00e1ticas en la Rep\u00fablica Argentina\u201d.<br \/>\nEn el acto central por el D\u00eda de la Independencia, el gobernador hizo un repaso hist\u00f3rico de los acontecimientos y remarc\u00f3 la importancia de celebrar por primera vez en la historia un acto central con las comunidades originarias y criollas del norte del pa\u00eds. &#8220;El esp\u00edritu libertario de nuestra Patria se funda en las comunidades criollas, originarias y colectividades, para formar parte de la identidad de las provincias de Sudam\u00e9rica&#8221;, dijo.<br \/>\nAdem\u00e1s detall\u00f3 las obras que se inauguraron y que representan un hecho hist\u00f3rico, ya que se puso en funcionamiento el hospital local, que contar\u00e1 con servicios de atenci\u00f3n a la salud b\u00e1sicos y de complejidad media. Adem\u00e1s, mencion\u00f3 que las diez cuadras de pavimento que se inauguraron, corresponden a una obra estrat\u00e9gica \u201cque tiene que ver con la conectividad vial entre Villa R\u00edo Bermejito y El Espinillo, junto a los 12 kil\u00f3metros de ruta ya pavimentadas, con el objetivo de llegar a 42 kil\u00f3metros que incluyen alcantarillado y una obra estrat\u00e9gica para el abastecimiento de energ\u00eda el\u00e9ctrica\u201d.<br \/>\nCapitanich dijo que \u201cm\u00e1s inversiones significan m\u00e1s empleos\u201d y que la lucha de las comunidades de Argentina a lo largo de la historia \u201cimplic\u00f3 anidar el esp\u00edritu revolucionario y libertario de nuestro pueblo, que a partir de un proceso de organizaci\u00f3n social sali\u00f3 a reivindicar las banderas de la libertad y la independencia\u201d.<\/p>\n","protected":false},"excerpt":{"rendered":"<p>En el acto oficial por el aniversario 207\u00b0 de la Declaraci\u00f3n de la Independencia argentina, el gobernador repas\u00f3 los hitos que permitieron al pa\u00eds consolidar el funcionamiento de las instituciones democr\u00e1ticas. Este domingo 9 de julio, el gobernador Jorge Capitanich, junto a funcionarios y funcionarias provinciales y municipales, particip\u00f3 del acto oficial por el 207\u00b0 [&hellip;]<\/p>\n","protected":false},"author":1,"featured_media":23590,"comment_status":"closed","ping_status":"closed","sticky":false,"template":"","format":"standard","meta":{"footnotes":""},"categories":[6],"tags":[],"class_list":{"0":"post-23589","1":"post","2":"type-post","3":"status-publish","4":"format-standard","5":"has-post-thumbnail","7":"category-chaco"},"_links":{"self":[{"href":"https:\/\/chacosintesis.com.ar\/index.php\/wp-json\/wp\/v2\/posts\/23589","targetHints":{"allow":["GET"]}}],"collection":[{"href":"https:\/\/chacosintesis.com.ar\/index.php\/wp-json\/wp\/v2\/posts"}],"about":[{"href":"https:\/\/chacosintesis.com.ar\/index.php\/wp-json\/wp\/v2\/types\/post"}],"author":[{"embeddable":true,"href":"https:\/\/chacosintesis.com.ar\/index.php\/wp-json\/wp\/v2\/users\/1"}],"replies":[{"embeddable":true,"href":"https:\/\/chacosintesis.com.ar\/index.php\/wp-json\/wp\/v2\/comments?post=23589"}],"version-history":[{"count":0,"href":"https:\/\/chacosintesis.com.ar\/index.php\/wp-json\/wp\/v2\/posts\/23589\/revisions"}],"wp:featuredmedia":[{"embeddable":true,"href":"https:\/\/chacosintesis.com.ar\/index.php\/wp-json\/wp\/v2\/media\/23590"}],"wp:attachment":[{"href":"https:\/\/chacosintesis.com.ar\/index.php\/wp-json\/wp\/v2\/media?parent=23589"}],"wp:term":[{"taxonomy":"category","embeddable":true,"href":"https:\/\/chacosintesis.com.ar\/index.php\/wp-json\/wp\/v2\/categories?post=23589"},{"taxonomy":"post_tag","embeddable":true,"href":"https:\/\/chacosintesis.com.ar\/index.php\/wp-json\/wp\/v2\/tags?post=23589"}],"curies":[{"name":"wp","href":"https:\/\/api.w.org\/{rel}","templated":true}]}}