{"id":23587,"date":"2023-07-09T17:55:57","date_gmt":"2023-07-09T20:55:57","guid":{"rendered":"https:\/\/chacosintesis.com.ar\/?p=23587"},"modified":"2023-07-09T18:07:06","modified_gmt":"2023-07-09T21:07:06","slug":"rach-quiroga-para-este-proyecto-politico-encabezado-por-el-gobernador-capitanich-la-salud-es-una-prioridad","status":"publish","type":"post","link":"https:\/\/chacosintesis.com.ar\/index.php\/rach-quiroga-para-este-proyecto-politico-encabezado-por-el-gobernador-capitanich-la-salud-es-una-prioridad\/","title":{"rendered":"Rach Quiroga: \u201cPara este proyecto pol\u00edtico encabezado por el gobernador Capitanich, la salud es una prioridad\u201d"},"content":{"rendered":"<p>La vicegobernadora particip\u00f3 de la inauguraci\u00f3n de un nuevo Centro de Salud en el paraje Pozo La China.<br \/>\nEste domingo 9 de julio, el gobernador Jorge Capitanich inaugur\u00f3 junto a la vicegobernadora Anal\u00eda Rach Quiroga y la ministra de Salud, Carolina Centeno, un nuevo Centro de Atenci\u00f3n Primaria de la Salud en el paraje Pozo La China. Con una inversi\u00f3n de m\u00e1s de 31 millones de pesos, el Gobierno puso en funcionamiento esta sala que garantizar\u00e1 el acceso a la salud de las y los pobladores de la zona.<br \/>\nEn el marco del 207\u00b0 aniversario de la Declaraci\u00f3n de la Independencia argentina, el gobernador Jorge Capitanich, junto a la vicegobernadora Anal\u00eda Rach Quiroga y el  intendente del Espinillo, Zen\u00f3n Cuellar, inauguraron el Centro de Atenci\u00f3n Primaria de la Salud en el paraje Pozo La China.<br \/>\nSe trata de una inversi\u00f3n del Ministerio de Planificaci\u00f3n, Econom\u00eda e Infraestructura por $31.064.620,76 y consiste en la construcci\u00f3n de 108 metros cuadrados que incluyen: acceso semicubierto, sala de espera, admisi\u00f3n, farmacia, consultorios, ba\u00f1os adaptados y ba\u00f1os p\u00fablicos, cocina y comedor.<br \/>\nLa vicegobernadora Analia Rach Quiroga, manifest\u00f3 que \u201cpara este proyecto pol\u00edtico encabezado por el gobernador Capitanich, la salud es una prioridad\u201d. En este sentido, dijo que esta inauguraci\u00f3n \u201ctiene que ver con una intervenci\u00f3n de infraestructura en materia sanitaria que venimos llevando adelante a lo largo y a lo ancho de toda la provincia, pero con una mirada muy especial en nuestro departamento G\u00fcemes, y tambi\u00e9n aqu\u00ed en esta regi\u00f3n del interfluvio\u201d.<br \/>\nRach Quiroga coment\u00f3 que en esta regi\u00f3n, la provincia tiene una medida cautelar de la Corte Suprema de Justicia de la Naci\u00f3n desde el 2007, que obliga al Estado a garantizar el acceso a derechos fundamentales, entre ellos el derecho a una alimentaci\u00f3n, el derecho  a la salud y educaci\u00f3n.<br \/>\nA\u00f1adi\u00f3 que se trata de derechos humanos \u201cque no se garantizar\u00edan si no existiera un gobierno y un Estado presente que impulsa las pol\u00edticas p\u00fablicas indispensables para garantizar ese acceso a derechos\u201d.<\/p>\n","protected":false},"excerpt":{"rendered":"<p>La vicegobernadora particip\u00f3 de la inauguraci\u00f3n de un nuevo Centro de Salud en el paraje Pozo La China. Este domingo 9 de julio, el gobernador Jorge Capitanich inaugur\u00f3 junto a la vicegobernadora Anal\u00eda Rach Quiroga y la ministra de Salud, Carolina Centeno, un nuevo Centro de Atenci\u00f3n Primaria de la Salud en el paraje Pozo [&hellip;]<\/p>\n","protected":false},"author":1,"featured_media":23588,"comment_status":"closed","ping_status":"closed","sticky":false,"template":"","format":"standard","meta":{"footnotes":""},"categories":[6],"tags":[],"class_list":{"0":"post-23587","1":"post","2":"type-post","3":"status-publish","4":"format-standard","5":"has-post-thumbnail","7":"category-chaco"},"_links":{"self":[{"href":"https:\/\/chacosintesis.com.ar\/index.php\/wp-json\/wp\/v2\/posts\/23587","targetHints":{"allow":["GET"]}}],"collection":[{"href":"https:\/\/chacosintesis.com.ar\/index.php\/wp-json\/wp\/v2\/posts"}],"about":[{"href":"https:\/\/chacosintesis.com.ar\/index.php\/wp-json\/wp\/v2\/types\/post"}],"author":[{"embeddable":true,"href":"https:\/\/chacosintesis.com.ar\/index.php\/wp-json\/wp\/v2\/users\/1"}],"replies":[{"embeddable":true,"href":"https:\/\/chacosintesis.com.ar\/index.php\/wp-json\/wp\/v2\/comments?post=23587"}],"version-history":[{"count":0,"href":"https:\/\/chacosintesis.com.ar\/index.php\/wp-json\/wp\/v2\/posts\/23587\/revisions"}],"wp:featuredmedia":[{"embeddable":true,"href":"https:\/\/chacosintesis.com.ar\/index.php\/wp-json\/wp\/v2\/media\/23588"}],"wp:attachment":[{"href":"https:\/\/chacosintesis.com.ar\/index.php\/wp-json\/wp\/v2\/media?parent=23587"}],"wp:term":[{"taxonomy":"category","embeddable":true,"href":"https:\/\/chacosintesis.com.ar\/index.php\/wp-json\/wp\/v2\/categories?post=23587"},{"taxonomy":"post_tag","embeddable":true,"href":"https:\/\/chacosintesis.com.ar\/index.php\/wp-json\/wp\/v2\/tags?post=23587"}],"curies":[{"name":"wp","href":"https:\/\/api.w.org\/{rel}","templated":true}]}}