{"id":23583,"date":"2023-07-09T09:59:58","date_gmt":"2023-07-09T12:59:58","guid":{"rendered":"https:\/\/chacosintesis.com.ar\/?p=23583"},"modified":"2023-07-09T10:06:54","modified_gmt":"2023-07-09T13:06:54","slug":"otra-marcha-por-cecilia-moviliza-a-todo-el-chaco","status":"publish","type":"post","link":"https:\/\/chacosintesis.com.ar\/index.php\/otra-marcha-por-cecilia-moviliza-a-todo-el-chaco\/","title":{"rendered":"Otra marcha por Cecilia moviliza a todo el Chaco"},"content":{"rendered":"<p>La actividad tiene previsto iniciar alrededor de las 16.30, donde los manifestantes caminaran desde la fiscal\u00eda al centro de Resistencia.<\/p>\n<p>Gloria Romero, la madre de Cecilia Strzyzowski, encabezar\u00e1 este domingo 9 una nueva marcha en reclamo de Justicia por el crimen que conmocion\u00f3 a toda el Chaco y que puso en tela de juicio los v\u00ednculos del poder con los detenidos.<\/p>\n<p>Esta nueva movilizaci\u00f3n est\u00e1 prevista a partir de las 16.30, desde la fiscal\u00eda al centro de la ciudad, y en reclamo por el avance del caso que tiene detenidos a siete personas, tres de ellos considerados coautores de homicidio: Emerenciano Sena, su mujer Marcela Acu\u00f1a y el hijo del matrimonio, C\u00e9sar Sena, quien es el m\u00e1s comprometido por las pruebas qu\u00e9 hay en el expediente.<br \/>\nLa concentraci\u00f3n promete movilizar a muchos vecinos de Resistencia y sus alrededores, pero no se descarta que por las dimensiones que a tomado este resonante caso, otros puntos de la provincia se sumen a exteriorizar la protesta por la desaparici\u00f3n de la joven.-<br \/>\nMientras tanto, el lunes 10, Gloria fue citada por el Equipo Especial de Fiscales que est\u00e1n investigando por una prueba clave sobre la cual hay mucho hermetismo y que podr\u00eda ser un aporte para el caso. Por su parte este martes 11, se prev\u00e9 que el abogado Fernando Burlando y su equipo viaje a esta ciudad, donde estuvo algunas semanas patrocinando a la familia de Cecilia, lo que hace que el caso tenga m\u00e1s exposici\u00f3n en los medios de comunicaci\u00f3n.<br \/>\nLa semana tambi\u00e9n ser\u00e1 importante porque el juez de garant\u00edas H\u00e9ctor Sandoval escuchar\u00e1 el mi\u00e9rcoles 12 a Emerenciano Sena y el jueves 13 a su esposa, quienes a trav\u00e9s de sus abogados argumentar\u00e1n en contra de la prisi\u00f3n preventiva. Se espera que haya resoluci\u00f3n sobre si el magistrado las confirma o por el contrario, las revoca.<\/p>\n<p> DIARIO NORTE.-<\/p>\n","protected":false},"excerpt":{"rendered":"<p>La actividad tiene previsto iniciar alrededor de las 16.30, donde los manifestantes caminaran desde la fiscal\u00eda al centro de Resistencia. Gloria Romero, la madre de Cecilia Strzyzowski, encabezar\u00e1 este domingo 9 una nueva marcha en reclamo de Justicia por el crimen que conmocion\u00f3 a toda el Chaco y que puso en tela de juicio los [&hellip;]<\/p>\n","protected":false},"author":1,"featured_media":23584,"comment_status":"closed","ping_status":"closed","sticky":false,"template":"","format":"standard","meta":{"footnotes":""},"categories":[6],"tags":[197],"class_list":{"0":"post-23583","1":"post","2":"type-post","3":"status-publish","4":"format-standard","5":"has-post-thumbnail","7":"category-chaco","8":"tag-destacada"},"_links":{"self":[{"href":"https:\/\/chacosintesis.com.ar\/index.php\/wp-json\/wp\/v2\/posts\/23583","targetHints":{"allow":["GET"]}}],"collection":[{"href":"https:\/\/chacosintesis.com.ar\/index.php\/wp-json\/wp\/v2\/posts"}],"about":[{"href":"https:\/\/chacosintesis.com.ar\/index.php\/wp-json\/wp\/v2\/types\/post"}],"author":[{"embeddable":true,"href":"https:\/\/chacosintesis.com.ar\/index.php\/wp-json\/wp\/v2\/users\/1"}],"replies":[{"embeddable":true,"href":"https:\/\/chacosintesis.com.ar\/index.php\/wp-json\/wp\/v2\/comments?post=23583"}],"version-history":[{"count":0,"href":"https:\/\/chacosintesis.com.ar\/index.php\/wp-json\/wp\/v2\/posts\/23583\/revisions"}],"wp:featuredmedia":[{"embeddable":true,"href":"https:\/\/chacosintesis.com.ar\/index.php\/wp-json\/wp\/v2\/media\/23584"}],"wp:attachment":[{"href":"https:\/\/chacosintesis.com.ar\/index.php\/wp-json\/wp\/v2\/media?parent=23583"}],"wp:term":[{"taxonomy":"category","embeddable":true,"href":"https:\/\/chacosintesis.com.ar\/index.php\/wp-json\/wp\/v2\/categories?post=23583"},{"taxonomy":"post_tag","embeddable":true,"href":"https:\/\/chacosintesis.com.ar\/index.php\/wp-json\/wp\/v2\/tags?post=23583"}],"curies":[{"name":"wp","href":"https:\/\/api.w.org\/{rel}","templated":true}]}}