{"id":23571,"date":"2023-07-08T16:47:23","date_gmt":"2023-07-08T19:47:23","guid":{"rendered":"https:\/\/chacosintesis.com.ar\/?p=23571"},"modified":"2023-07-08T17:06:37","modified_gmt":"2023-07-08T20:06:37","slug":"el-gobierno-del-chaco-celebrara-la-independencia-con-un-acto-central-e-inauguraciones-en-el-espinillo","status":"publish","type":"post","link":"https:\/\/chacosintesis.com.ar\/index.php\/el-gobierno-del-chaco-celebrara-la-independencia-con-un-acto-central-e-inauguraciones-en-el-espinillo\/","title":{"rendered":"El Gobierno del Chaco celebrar\u00e1 la Independencia con un acto central e inauguraciones en El Espinillo"},"content":{"rendered":"<p>En el marco de la fecha patria, el gobernador inaugurar\u00e1 este domingo el nuevo Hospital, un centro de salud, un centro de Desarrollo Infantil, refacciones en la Comisar\u00eda y cuadras de pavimento.<br \/>\nEl gobernador Jorge Capitanich participar\u00e1 este domingo 9 de julio en El Espinillo, del acto central en conmemoraci\u00f3n del 207\u00b0 aniversario de la independencia nacional.<br \/>\nDesde las 9,30, el mandatario provincial estar\u00e1 presente junto a miembros de su gabinete en el homenaje que la provincia llevar\u00e1 adelante en la jornada y que contar\u00e1 con importantes inauguraciones de obras de infraestructura en la localidad.<br \/>\nCapitanich habilitar\u00e1 el Centro de Atenci\u00f3n Primaria de la Salud de Pozo La China, la refacci\u00f3n de la Comisar\u00eda, el nuevo Hospital de El Espinillo, el Centro de Desarrollo Infantil y 10 cuadras de pavimento.<br \/>\nEn esa localidad, se ejecutan adem\u00e1s obras de energ\u00eda el\u00e9ctrica, conexiones de agua y viviendas.<\/p>\n","protected":false},"excerpt":{"rendered":"<p>En el marco de la fecha patria, el gobernador inaugurar\u00e1 este domingo el nuevo Hospital, un centro de salud, un centro de Desarrollo Infantil, refacciones en la Comisar\u00eda y cuadras de pavimento. El gobernador Jorge Capitanich participar\u00e1 este domingo 9 de julio en El Espinillo, del acto central en conmemoraci\u00f3n del 207\u00b0 aniversario de la [&hellip;]<\/p>\n","protected":false},"author":1,"featured_media":23572,"comment_status":"closed","ping_status":"closed","sticky":false,"template":"","format":"standard","meta":{"footnotes":""},"categories":[6],"tags":[],"class_list":{"0":"post-23571","1":"post","2":"type-post","3":"status-publish","4":"format-standard","5":"has-post-thumbnail","7":"category-chaco"},"_links":{"self":[{"href":"https:\/\/chacosintesis.com.ar\/index.php\/wp-json\/wp\/v2\/posts\/23571","targetHints":{"allow":["GET"]}}],"collection":[{"href":"https:\/\/chacosintesis.com.ar\/index.php\/wp-json\/wp\/v2\/posts"}],"about":[{"href":"https:\/\/chacosintesis.com.ar\/index.php\/wp-json\/wp\/v2\/types\/post"}],"author":[{"embeddable":true,"href":"https:\/\/chacosintesis.com.ar\/index.php\/wp-json\/wp\/v2\/users\/1"}],"replies":[{"embeddable":true,"href":"https:\/\/chacosintesis.com.ar\/index.php\/wp-json\/wp\/v2\/comments?post=23571"}],"version-history":[{"count":0,"href":"https:\/\/chacosintesis.com.ar\/index.php\/wp-json\/wp\/v2\/posts\/23571\/revisions"}],"wp:featuredmedia":[{"embeddable":true,"href":"https:\/\/chacosintesis.com.ar\/index.php\/wp-json\/wp\/v2\/media\/23572"}],"wp:attachment":[{"href":"https:\/\/chacosintesis.com.ar\/index.php\/wp-json\/wp\/v2\/media?parent=23571"}],"wp:term":[{"taxonomy":"category","embeddable":true,"href":"https:\/\/chacosintesis.com.ar\/index.php\/wp-json\/wp\/v2\/categories?post=23571"},{"taxonomy":"post_tag","embeddable":true,"href":"https:\/\/chacosintesis.com.ar\/index.php\/wp-json\/wp\/v2\/tags?post=23571"}],"curies":[{"name":"wp","href":"https:\/\/api.w.org\/{rel}","templated":true}]}}