{"id":23569,"date":"2023-07-08T16:44:02","date_gmt":"2023-07-08T19:44:02","guid":{"rendered":"https:\/\/chacosintesis.com.ar\/?p=23569"},"modified":"2023-07-08T17:06:37","modified_gmt":"2023-07-08T20:06:37","slug":"recomendaciones-sobre-publicaciones-que-involucren-a-ninas-ninos-y-adolescentes-y-su-grupo-familiar","status":"publish","type":"post","link":"https:\/\/chacosintesis.com.ar\/index.php\/recomendaciones-sobre-publicaciones-que-involucren-a-ninas-ninos-y-adolescentes-y-su-grupo-familiar\/","title":{"rendered":"Recomendaciones sobre publicaciones que involucren a ni\u00f1as, ni\u00f1os y adolescentes y su grupo familiar"},"content":{"rendered":"<p>Comunicado de la Subsecretar\u00eda de Ni\u00f1ez, Adolescencia y Familia de la provincia del Chaco a cargo de Mar\u00eda Graciela Cavana.<br \/>\nLa Subsecretar\u00eda de Ni\u00f1ez, Adolescencia y Familia de la provincia del Chaco record\u00f3 a todos los medios locales de comunicaci\u00f3n audiovisual que deber\u00e1n abstenerse de publicar y difundir noticias y fotograf\u00edas de ni\u00f1as, ni\u00f1os y adolescentes y su grupo familiar, que importen una vulneraci\u00f3n de su derecho a la intimidad, a su derecho a la dignidad y que permitan individualizarlos. El comunicado emitido desde el organismo a cargo de Mar\u00eda Graciela Cavana, se fundamenta en la normativa legal vigente Ley Nacional N\u00b0 26.061 de Protecci\u00f3n Integral de Derechos de Ni\u00f1as, Ni\u00f1os y Adolescentes; Ley provincial N\u00b0 2086-C y Ley de Servicios de Comunicaci\u00f3n Audiovisual N\u00b0 26.522.<br \/>\n\u201cEs as\u00ed que los medios de comunicaci\u00f3n, al momento de hacer p\u00fablica una noticia en la que se encuentren involucrados ni\u00f1os y adolescentes, en circunstancias que especialmente lo amerite, deber\u00e1n extremar las medidas a fin de evitar utilizar sus datos filiatorios y cualquier otro detalle de su vida o la de su familia que permitan identificarlo, preservando de esta manera su identidad e impidiendo la vulneraci\u00f3n de su derecho a la intimidad, el cual debe ser garantizado en conjunto por el Estado y los actores de la comunicaci\u00f3n\u201d, se destaca en el escrito.<br \/>\nEn ese sentido, la Subsecretar\u00eda recomienda el fiel cumplimiento de los mandatos constitucionales a los medios de comunicaci\u00f3n y recuerda a las y los periodistas las recomendaciones espec\u00edficas para preservar los derechos de las chicas y los chicos en casos espec\u00edficos, elaboradas por el Consejo Asesor de la Comunicaci\u00f3n Audiovisual y la Infancia de la Naci\u00f3n (CONACAI).<br \/>\nA saber:<br \/>\n\u2022          Tomar los recaudos correspondientes para que se preserve la integridad ps\u00edquica, f\u00edsica y sexual de los ni\u00f1os, ni\u00f1as y adolescentes.<br \/>\n\u2022          Evitar brindar informaci\u00f3n que contribuya a la identificaci\u00f3n directa o indirecta de ni\u00f1os, ni\u00f1as y adolescentes, en procesos que lesionen su dignidad.<br \/>\n\u2022          Evitar la divulgaci\u00f3n de detalles sobre la vida privada, \u00edntima y familiar de los ni\u00f1os, las ni\u00f1as y los\/as adolescentes.<br \/>\n\u2022          Respetar la intimidad los\/as ni\u00f1os, ni\u00f1as y adolescentes.<br \/>\n\u2022          No revelar detalles innecesarios, cuyo \u00fanico fin sea el de generar impacto y un mayor nivel de audiencia, sin que ello aporte informaci\u00f3n pertinente.<br \/>\n\u2022          No revelar datos extra\u00eddos de procesos judiciales.<br \/>\n\u2022          No revictimizar a ni\u00f1os, ni\u00f1as y adolescentes reactualizando persistentemente el hecho traum\u00e1tico.<br \/>\n\u201cPor todo lo dicho, alertamos enf\u00e1ticamente sobre la vulneraci\u00f3n de los derechos del adolescente como v\u00edctima, as\u00ed como tambi\u00e9n expresamos nuestra disconformidad y manifestamos la profunda preocupaci\u00f3n por la publicaci\u00f3n realizada por el canal, subrayando que es una obligaci\u00f3n legal de los medios de comunicaci\u00f3n, seg\u00fan estipula la Convenci\u00f3n Internacional sobre los Derechos del Ni\u00f1o y la legislaci\u00f3n vigente en nuestro pa\u00eds, preservar y proteger la imagen e identidad de ni\u00f1as y ni\u00f1os y adolescentes en una noticia que pudiese menoscabar su integridad o da\u00f1arlos. Asimismo, el tratamiento period\u00edstico, en casos donde una ni\u00f1a, ni\u00f1o o adolescente se encuentre en situaci\u00f3n de vulneraci\u00f3n de sus derechos, debe anteponer el Inter\u00e9s Superior del Ni\u00f1o, con un enfoque respetuoso de sus derechos consagrados\u201d, concluye el comunicado.<br \/>\nFinalmente, recuerdan que los medios de comunicaci\u00f3n tienen, entre sus funciones esenciales, contribuir con la promoci\u00f3n y protecci\u00f3n de los derechos fundamentales del ni\u00f1o y en la puesta en pr\u00e1ctica de los principios y las normas de la Convenci\u00f3n. \u201cY bajo ning\u00fan concepto pueden cercenar o violar derechos de la ni\u00f1ez, consagrados en el Art\u00edculo 75 inciso 22 de la Constituci\u00f3n Nacional (Convenci\u00f3n Internacional sobre los Derechos del Ni\u00f1o) \u2013 Ley 23.849, y en la Ley 26.061 de Protecci\u00f3n Integral de los Derechos de las Ni\u00f1as, Ni\u00f1os y Adolescentes\u201d, cierran.<\/p>\n","protected":false},"excerpt":{"rendered":"<p>Comunicado de la Subsecretar\u00eda de Ni\u00f1ez, Adolescencia y Familia de la provincia del Chaco a cargo de Mar\u00eda Graciela Cavana. La Subsecretar\u00eda de Ni\u00f1ez, Adolescencia y Familia de la provincia del Chaco record\u00f3 a todos los medios locales de comunicaci\u00f3n audiovisual que deber\u00e1n abstenerse de publicar y difundir noticias y fotograf\u00edas de ni\u00f1as, ni\u00f1os y [&hellip;]<\/p>\n","protected":false},"author":1,"featured_media":23570,"comment_status":"closed","ping_status":"closed","sticky":false,"template":"","format":"standard","meta":{"footnotes":""},"categories":[6],"tags":[],"class_list":{"0":"post-23569","1":"post","2":"type-post","3":"status-publish","4":"format-standard","5":"has-post-thumbnail","7":"category-chaco"},"_links":{"self":[{"href":"https:\/\/chacosintesis.com.ar\/index.php\/wp-json\/wp\/v2\/posts\/23569","targetHints":{"allow":["GET"]}}],"collection":[{"href":"https:\/\/chacosintesis.com.ar\/index.php\/wp-json\/wp\/v2\/posts"}],"about":[{"href":"https:\/\/chacosintesis.com.ar\/index.php\/wp-json\/wp\/v2\/types\/post"}],"author":[{"embeddable":true,"href":"https:\/\/chacosintesis.com.ar\/index.php\/wp-json\/wp\/v2\/users\/1"}],"replies":[{"embeddable":true,"href":"https:\/\/chacosintesis.com.ar\/index.php\/wp-json\/wp\/v2\/comments?post=23569"}],"version-history":[{"count":0,"href":"https:\/\/chacosintesis.com.ar\/index.php\/wp-json\/wp\/v2\/posts\/23569\/revisions"}],"wp:featuredmedia":[{"embeddable":true,"href":"https:\/\/chacosintesis.com.ar\/index.php\/wp-json\/wp\/v2\/media\/23570"}],"wp:attachment":[{"href":"https:\/\/chacosintesis.com.ar\/index.php\/wp-json\/wp\/v2\/media?parent=23569"}],"wp:term":[{"taxonomy":"category","embeddable":true,"href":"https:\/\/chacosintesis.com.ar\/index.php\/wp-json\/wp\/v2\/categories?post=23569"},{"taxonomy":"post_tag","embeddable":true,"href":"https:\/\/chacosintesis.com.ar\/index.php\/wp-json\/wp\/v2\/tags?post=23569"}],"curies":[{"name":"wp","href":"https:\/\/api.w.org\/{rel}","templated":true}]}}