{"id":23563,"date":"2023-07-08T16:34:00","date_gmt":"2023-07-08T19:34:00","guid":{"rendered":"https:\/\/chacosintesis.com.ar\/?p=23563"},"modified":"2023-07-08T16:38:24","modified_gmt":"2023-07-08T19:38:24","slug":"dlia-mundial-de-la-alergia-salud-publica-recomienda-mantener-ambientes-limpios-y-libres-de-sustancias-irritantes","status":"publish","type":"post","link":"https:\/\/chacosintesis.com.ar\/index.php\/dlia-mundial-de-la-alergia-salud-publica-recomienda-mantener-ambientes-limpios-y-libres-de-sustancias-irritantes\/","title":{"rendered":"Dlia mundial de la alergia: Salud P\u00fablica recomienda mantener ambientes limpios y libres de sustancias irritantes"},"content":{"rendered":"<p>Entre los cuadros al\u00e9rgicos, la rinitis y el asma constituyen uno de los motivos de consulta m\u00e1s frecuentes a pediatras, cl\u00ednicos y especialistas.<br \/>\nCada 8 de julio se conmemora el D\u00eda Mundial de la Alergia con el fin de concientizar a la poblaci\u00f3n sobre la importancia de educar para la prevenci\u00f3n de las enfermedades causadas por las alergias, as\u00ed como la b\u00fasqueda de tratamientos efectivos que mejoren la calidad de vida de las personas que las padecen. En esta fecha desde el Ministerio de Salud P\u00fablica del Chaco recalcan la importancia de mantener un ambiente limpio y libre de sustancias irritantes.<br \/>\nLa alergia es una reacci\u00f3n exagerada del organismo ante una sustancia denominada al\u00e9rgeno. Actualmente entre el 30 y 40% de la poblaci\u00f3n mundial padece una o m\u00e1s enfermedades al\u00e9rgicas, y se prev\u00e9 que \u00e9stas seguir\u00e1n en aumento, teniendo en cuenta la interacci\u00f3n entre factores gen\u00e9ticos y epigen\u00e9ticos o ambientales.<br \/>\nLas rinitis al\u00e9rgicas y el asma bronquial constituyen uno de los motivos de consulta m\u00e1s frecuentes a pediatras, cl\u00ednicos y especialistas. Seg\u00fan la OMS, cientos de millones de personas en el mundo padecen rinitis al\u00e9rgica y asma bronquial, siendo ambas las enfermedades cr\u00f3nicas m\u00e1s frecuentes del aparato respiratorio.<br \/>\nRinitis y asma<br \/>\nAlicia Michelini es neumon\u00f3loga, directora del Hospital Pedi\u00e1trico Dr. Avelino Castel\u00e1n y suele tratar a ni\u00f1os y ni\u00f1as con rinitis al\u00e9rgica o asma bronquial. Destac\u00f3 lo importante que resulta en estos casos el tomar medidas para mantener un ambiente limpio y libre de sustancias irritantes.<br \/>\n\u201cCuando hablamos de alergia, hablamos de una respuesta algo as\u00ed como exagerada del organismo a sustancias que para el com\u00fan de las personas no le producen ning\u00fan tipo de reacci\u00f3n\u201d, explic\u00f3. \u201cEn ese gran contexto, hablamos de las alergias respiratorias que mucho tienen que ver con todas las cosas que se pueden inhalar en el ambiente como el polvo, lo que llamamos los \u00e1caros o las sustancias que liberan las flores, las hojas o alguna parte del \u00e1rbol\u201d, agreg\u00f3 Michelini.<br \/>\nM\u00e1s all\u00e1 de los tratamientos espec\u00edficos para estos tipos de alergias, es fundamental la labor cotidiana en pos de mantener un ambiente saludable. Al respecto, la directora del Pedi\u00e1trico acot\u00f3 que \u201cse debe tener un ambiente saludable, limpio, bien ventilado, si tenemos un patio con hojas, con \u00e1rboles, la limpieza de ese lugar es bastante importante\u201d.<br \/>\nAdem\u00e1s, recalc\u00f3 la importancia de evitar o disminuir el uso de sustancias irritantes en los hogares. \u201cObviamente todo lo que son sustancias irritantes intradomiciliarias, a las cortinas hay que lavarlas peri\u00f3dicamente, mantener los ambientes ventilados, la limpieza de superficies y disminuir el polvo en el ambiente si no est\u00e1 adecuadamente ventilado es fundamental, o el tema de ya sean perfumes, desodorantes de ambiente, que todo se puede utilizar, pero en un ambiente adecuadamente ventilado\u201d, explic\u00f3 y acot\u00f3 que \u201cel humo, el tabaco tambi\u00e9n son sustancias muy irritantes\u201d.<br \/>\nMichelini record\u00f3 que \u201chay un alto porcentaje de pacientes con rinitis que tienen asma, que en el caso del asma es m\u00e1s complejo porque da cuadro de dificultad respiratoria y entonces realmente le dificulta y hasta con riesgo de vida si uno no hace un tratamiento\u201d. E insisti\u00f3 con que \u201chay medidas generales que tienen que ver m\u00e1s con el medio ambiente, con disminuir todo lo que sean sustancias irritantes a esa v\u00eda a\u00e9rea que ya es m\u00e1s reactiva y obviamente le genera cuadros. Entonces, es fundamental todo lo que sea para prevenir esos cuadros, m\u00e1s all\u00e1 de los tratamientos espec\u00edficos\u201d. La profesional mencion\u00f3 que en casos severos se puede recurrir a tratamientos como la inmunoterapia.<br \/>\nSeg\u00fan lo expres\u00f3 Michelini el asma y la rinitis frecuentemente se presentan juntas. El asma est\u00e1 reportado hasta en el 38% de los pacientes con rinitis al\u00e9rgica y los s\u00edntomas nasales est\u00e1n presentes en el 85% de los pacientes con asma. La rinitis al\u00e9rgica causa estornudos, secreci\u00f3n nasal, picaz\u00f3n y obstrucci\u00f3n nasal y el asma causa dificultad respiratoria, tos y sibilancias.<br \/>\nEn este sentido, la rinitis al\u00e9rgica no tratada puede empeorar el asma. El tratamiento adecuado de la v\u00eda a\u00e9rea superior (nariz) y v\u00eda a\u00e9rea inferior (bronquios) ayuda a controlar el asma y la alergia. La consulta precoz resulta de vital importancia para iniciar tratamientos oportunos mejorando la calidad de vida de estos pacientes.<\/p>\n<p>Otros tipos de alergias<br \/>\nLas alergias alimentarias, con un incremento notorio en los \u00faltimos a\u00f1os, las alergias a medicamentos y las alergias a picaduras de insectos, son las principales causas de anafilaxia o reacci\u00f3n al\u00e9rgica severa en ni\u00f1os y adultos.<br \/>\nJuntos a \u00e9stas, los trastornos al\u00e9rgicos que afectan la piel -dermatitis at\u00f3pica y urticaria-, ocasionan un alto impacto en la calidad de vida y un deterioro en la salud tanto en el paciente, como en su familia y su entorno social.<br \/>\nAnte un paciente que padece alguna enfermedad al\u00e9rgica, es conveniente realizar una consulta oportuna con el especialista, ya que estos s\u00edntomas pueden empeorar si no se los trata a tiempo.<\/p>\n","protected":false},"excerpt":{"rendered":"<p>Entre los cuadros al\u00e9rgicos, la rinitis y el asma constituyen uno de los motivos de consulta m\u00e1s frecuentes a pediatras, cl\u00ednicos y especialistas. Cada 8 de julio se conmemora el D\u00eda Mundial de la Alergia con el fin de concientizar a la poblaci\u00f3n sobre la importancia de educar para la prevenci\u00f3n de las enfermedades causadas [&hellip;]<\/p>\n","protected":false},"author":1,"featured_media":23564,"comment_status":"closed","ping_status":"closed","sticky":false,"template":"","format":"standard","meta":{"footnotes":""},"categories":[6],"tags":[],"class_list":{"0":"post-23563","1":"post","2":"type-post","3":"status-publish","4":"format-standard","5":"has-post-thumbnail","7":"category-chaco"},"_links":{"self":[{"href":"https:\/\/chacosintesis.com.ar\/index.php\/wp-json\/wp\/v2\/posts\/23563","targetHints":{"allow":["GET"]}}],"collection":[{"href":"https:\/\/chacosintesis.com.ar\/index.php\/wp-json\/wp\/v2\/posts"}],"about":[{"href":"https:\/\/chacosintesis.com.ar\/index.php\/wp-json\/wp\/v2\/types\/post"}],"author":[{"embeddable":true,"href":"https:\/\/chacosintesis.com.ar\/index.php\/wp-json\/wp\/v2\/users\/1"}],"replies":[{"embeddable":true,"href":"https:\/\/chacosintesis.com.ar\/index.php\/wp-json\/wp\/v2\/comments?post=23563"}],"version-history":[{"count":0,"href":"https:\/\/chacosintesis.com.ar\/index.php\/wp-json\/wp\/v2\/posts\/23563\/revisions"}],"wp:featuredmedia":[{"embeddable":true,"href":"https:\/\/chacosintesis.com.ar\/index.php\/wp-json\/wp\/v2\/media\/23564"}],"wp:attachment":[{"href":"https:\/\/chacosintesis.com.ar\/index.php\/wp-json\/wp\/v2\/media?parent=23563"}],"wp:term":[{"taxonomy":"category","embeddable":true,"href":"https:\/\/chacosintesis.com.ar\/index.php\/wp-json\/wp\/v2\/categories?post=23563"},{"taxonomy":"post_tag","embeddable":true,"href":"https:\/\/chacosintesis.com.ar\/index.php\/wp-json\/wp\/v2\/tags?post=23563"}],"curies":[{"name":"wp","href":"https:\/\/api.w.org\/{rel}","templated":true}]}}