{"id":23487,"date":"2023-07-07T20:47:39","date_gmt":"2023-07-07T23:47:39","guid":{"rendered":"https:\/\/chacosintesis.com.ar\/?p=23487"},"modified":"2023-07-07T21:06:53","modified_gmt":"2023-07-08T00:06:53","slug":"resistencia-mata-a-un-joven-de-un-balazo-tras-acusarlo-de-haberle-robando-garrafas","status":"publish","type":"post","link":"https:\/\/chacosintesis.com.ar\/index.php\/resistencia-mata-a-un-joven-de-un-balazo-tras-acusarlo-de-haberle-robando-garrafas\/","title":{"rendered":"Resistencia: Mata a un joven de un balazo tras acusarlo de haberle robando garrafas"},"content":{"rendered":"<p>El hombre de 60 a\u00f1os que dispar\u00f3 qued\u00f3 aprehendido y ser\u00e1 indagado el pr\u00f3ximo lunes por la fiscal Wenner. Los investigadores procuran establecer si el hecho ocurri\u00f3 en el marco de una leg\u00edtima defensa o si hubo un exceso en el accionar.<br \/>\nUn joven muri\u00f3 este vienes baleado por un vecino que le dispar\u00f3 cuando, supuestamente, la v\u00edctima le robaba dos tubos de gas de su casa, en la capital chaque\u00f1a, y por el crimen detuvieron a un sospechoso.<br \/>\nEl hecho ocurri\u00f3 alrededor de las 11.30 en pasaje Gobernador Bosch al 800, en Resistencia, donde un hombre de 60 a\u00f1os qued\u00f3 aprehendido a disposici\u00f3n de la fiscal Ingrid Wenner por &#8220;supuesto homicidio&#8221;.<br \/>\nFuentes judiciales y policiales informaron que personal de la comisar\u00eda quinta de Resistencia fue alertado por la presencia de un joven herido con un arma de fuego.<br \/>\nAl llegar al lugar, los efectivos se entrevistaron con un hombre, quien les refiri\u00f3 que ese muchacho, de unos 20 a\u00f1os, intent\u00f3 sustraerle dos tubos de gas de su domicilio, por lo cual le dispar\u00f3 con un arma de fuego.<br \/>\nAnte esta situaci\u00f3n se dio intervenci\u00f3n al M\u00e9dico Policial en turno y constat\u00f3 el deceso del joven.<br \/>\nDe acuerdo a lo que pudieron reconstruir los investigadores, el joven viv\u00eda en la casa lindera al hombre y forz\u00f3 un port\u00f3n trasero para ingresar a la propiedad, informaron fuentes judiciales.<br \/>\nEn ese marco, la v\u00edctima sustrajo una garrafa y luego volvi\u00f3 para poder llevarse otra, momento en el que el due\u00f1o de la vivienda escuch\u00f3 ruidos y tom\u00f3 un arma de fuego.<br \/>\nSeg\u00fan su versi\u00f3n, en medio de la oscuridad le pareci\u00f3 que el sospechoso ten\u00eda algo en su mano, por lo que le dispar\u00f3. Tras resultar herido, el joven sali\u00f3 corriendo y finalmente falleci\u00f3 en el patio trasero de su vecino, a\u00f1adieron las fuentes consultadas.<br \/>\nLa fiscal Ingrid Wenner arrib\u00f3 a la vivienda junto a su equipo del Gabinete Cient\u00edfico del Poder Judicial para las pericias y posterior traslado del cuerpo al Instituto de Medicina y Ciencias Forenses (IMCiF) para la correspondiente autopsia.<br \/>\nDe acuerdo a las primeras pericias, el due\u00f1o de la propiedad efectu\u00f3 tres disparos, de los cuales uno impact\u00f3 de frente en el cuerpo del vecino.<br \/>\nAdem\u00e1s, en el lugar se secuestr\u00f3 un arma de fuego y elementos de inter\u00e9s en la causa.<br \/>\nPara resguardar el lugar del hecho se cont\u00f3 con la colaboraci\u00f3n de los Departamentos Cuerpo Operaciones Especiales e Infanter\u00eda y las Divisiones del COM y FOEF.<br \/>\nLos investigadores procuraban establecer si el hecho ocurri\u00f3 en el marco de una leg\u00edtima defensa o si, al menos, hubo un exceso en el accionar.<br \/>\nEn ese marco, el hombre ser\u00e1 indagado el pr\u00f3ximo lunes por la fiscal Wenner.<br \/>\nFuente: T\u00e9lam<\/p>\n","protected":false},"excerpt":{"rendered":"<p>El hombre de 60 a\u00f1os que dispar\u00f3 qued\u00f3 aprehendido y ser\u00e1 indagado el pr\u00f3ximo lunes por la fiscal Wenner. Los investigadores procuran establecer si el hecho ocurri\u00f3 en el marco de una leg\u00edtima defensa o si hubo un exceso en el accionar. Un joven muri\u00f3 este vienes baleado por un vecino que le dispar\u00f3 cuando, [&hellip;]<\/p>\n","protected":false},"author":1,"featured_media":23488,"comment_status":"closed","ping_status":"closed","sticky":false,"template":"","format":"standard","meta":{"footnotes":""},"categories":[6],"tags":[],"class_list":{"0":"post-23487","1":"post","2":"type-post","3":"status-publish","4":"format-standard","5":"has-post-thumbnail","7":"category-chaco"},"_links":{"self":[{"href":"https:\/\/chacosintesis.com.ar\/index.php\/wp-json\/wp\/v2\/posts\/23487","targetHints":{"allow":["GET"]}}],"collection":[{"href":"https:\/\/chacosintesis.com.ar\/index.php\/wp-json\/wp\/v2\/posts"}],"about":[{"href":"https:\/\/chacosintesis.com.ar\/index.php\/wp-json\/wp\/v2\/types\/post"}],"author":[{"embeddable":true,"href":"https:\/\/chacosintesis.com.ar\/index.php\/wp-json\/wp\/v2\/users\/1"}],"replies":[{"embeddable":true,"href":"https:\/\/chacosintesis.com.ar\/index.php\/wp-json\/wp\/v2\/comments?post=23487"}],"version-history":[{"count":0,"href":"https:\/\/chacosintesis.com.ar\/index.php\/wp-json\/wp\/v2\/posts\/23487\/revisions"}],"wp:featuredmedia":[{"embeddable":true,"href":"https:\/\/chacosintesis.com.ar\/index.php\/wp-json\/wp\/v2\/media\/23488"}],"wp:attachment":[{"href":"https:\/\/chacosintesis.com.ar\/index.php\/wp-json\/wp\/v2\/media?parent=23487"}],"wp:term":[{"taxonomy":"category","embeddable":true,"href":"https:\/\/chacosintesis.com.ar\/index.php\/wp-json\/wp\/v2\/categories?post=23487"},{"taxonomy":"post_tag","embeddable":true,"href":"https:\/\/chacosintesis.com.ar\/index.php\/wp-json\/wp\/v2\/tags?post=23487"}],"curies":[{"name":"wp","href":"https:\/\/api.w.org\/{rel}","templated":true}]}}