{"id":23485,"date":"2023-07-07T20:45:50","date_gmt":"2023-07-07T23:45:50","guid":{"rendered":"https:\/\/chacosintesis.com.ar\/?p=23485"},"modified":"2023-07-07T21:06:52","modified_gmt":"2023-07-08T00:06:52","slug":"caso-cecilia-convocan-a-una-marcha-para-rechazar-la-prision-domiciliaria-de-emerenciano-sena-y-marcela-acuna","status":"publish","type":"post","link":"https:\/\/chacosintesis.com.ar\/index.php\/caso-cecilia-convocan-a-una-marcha-para-rechazar-la-prision-domiciliaria-de-emerenciano-sena-y-marcela-acuna\/","title":{"rendered":"Caso Cecilia: Convocan a una marcha para rechazar la prisi\u00f3n domiciliaria de Emerenciano Sena y Marcela Acu\u00f1a"},"content":{"rendered":"<p>Ser\u00e1 este domingo 9 de julio, desde el m\u00e1stil mayor de la plaza 25 de Mayo, para dirigirse hacia las fiscal\u00edas ubicadas a poco m\u00e1s de dos cuadras, en avenida 9 de Julio 236.<br \/>\nGloria Romero, madre de Cecilia Strzyzowski, convoc\u00f3 para este domingo 9 de julio, desde las 16.30, a una nueva marcha. Esta vez ser\u00e1 para rechazar la prisi\u00f3n domiciliaria de los imputados Emerenciano Sena y Marrcela Acu\u00f1a, en vistas de los pedidos hechos por la dirigente a trav\u00e9s de cartas difundidas p\u00fablicamente sobre los problemas de salud, sobre todo de su esposo, que fundamentar\u00edan ese beneficio.<br \/>\n\u201cVamos a concentrarnos en la plaza para ir hasta el frente a la fiscal\u00eda, para que recuerden cu\u00e1nta gente se opone a que les den domiciliaria\u201d, dijo Gloria en la convocatoria hecha hoy a trav\u00e9s de su cuenta de Instagram. \u201cEs la \u00fanica forma de que entiendan (las autoridades judiciales) que Cecilia est\u00e1 presente. No vamos a aceptar la domiciliaria\u201d, subray\u00f3.<br \/>\n\u201cVamos a llenar la 9 de Julio. Quiero que vean la cantidad de gente que est\u00e1 en desacuerdo con las domiciliarias. Est\u00e1n haciendo un circo\u201d, sostuvo y pidi\u00f3 que vengan a acompa\u00f1arla desde Corrientes, Barranqueras, Fontana y desde todo el interior del Chaco.<\/p>\n","protected":false},"excerpt":{"rendered":"<p>Ser\u00e1 este domingo 9 de julio, desde el m\u00e1stil mayor de la plaza 25 de Mayo, para dirigirse hacia las fiscal\u00edas ubicadas a poco m\u00e1s de dos cuadras, en avenida 9 de Julio 236. Gloria Romero, madre de Cecilia Strzyzowski, convoc\u00f3 para este domingo 9 de julio, desde las 16.30, a una nueva marcha. Esta [&hellip;]<\/p>\n","protected":false},"author":1,"featured_media":23486,"comment_status":"closed","ping_status":"closed","sticky":false,"template":"","format":"standard","meta":{"footnotes":""},"categories":[6],"tags":[],"class_list":{"0":"post-23485","1":"post","2":"type-post","3":"status-publish","4":"format-standard","5":"has-post-thumbnail","7":"category-chaco"},"_links":{"self":[{"href":"https:\/\/chacosintesis.com.ar\/index.php\/wp-json\/wp\/v2\/posts\/23485","targetHints":{"allow":["GET"]}}],"collection":[{"href":"https:\/\/chacosintesis.com.ar\/index.php\/wp-json\/wp\/v2\/posts"}],"about":[{"href":"https:\/\/chacosintesis.com.ar\/index.php\/wp-json\/wp\/v2\/types\/post"}],"author":[{"embeddable":true,"href":"https:\/\/chacosintesis.com.ar\/index.php\/wp-json\/wp\/v2\/users\/1"}],"replies":[{"embeddable":true,"href":"https:\/\/chacosintesis.com.ar\/index.php\/wp-json\/wp\/v2\/comments?post=23485"}],"version-history":[{"count":0,"href":"https:\/\/chacosintesis.com.ar\/index.php\/wp-json\/wp\/v2\/posts\/23485\/revisions"}],"wp:featuredmedia":[{"embeddable":true,"href":"https:\/\/chacosintesis.com.ar\/index.php\/wp-json\/wp\/v2\/media\/23486"}],"wp:attachment":[{"href":"https:\/\/chacosintesis.com.ar\/index.php\/wp-json\/wp\/v2\/media?parent=23485"}],"wp:term":[{"taxonomy":"category","embeddable":true,"href":"https:\/\/chacosintesis.com.ar\/index.php\/wp-json\/wp\/v2\/categories?post=23485"},{"taxonomy":"post_tag","embeddable":true,"href":"https:\/\/chacosintesis.com.ar\/index.php\/wp-json\/wp\/v2\/tags?post=23485"}],"curies":[{"name":"wp","href":"https:\/\/api.w.org\/{rel}","templated":true}]}}