{"id":23479,"date":"2023-07-07T17:51:01","date_gmt":"2023-07-07T20:51:01","guid":{"rendered":"https:\/\/chacosintesis.com.ar\/?p=23479"},"modified":"2023-07-07T18:07:19","modified_gmt":"2023-07-07T21:07:19","slug":"se-entregaron-113-tarjetas-tuya-recargables-a-estudiantes-universitarios-de-la-provincia","status":"publish","type":"post","link":"https:\/\/chacosintesis.com.ar\/index.php\/se-entregaron-113-tarjetas-tuya-recargables-a-estudiantes-universitarios-de-la-provincia\/","title":{"rendered":"Se entregaron 113 Tarjetas Tuya recargables a estudiantes universitarios de la provincia"},"content":{"rendered":"<p>Se trata de la segunda etapa del programa que otorga un apoyo econ\u00f3mico para acompa\u00f1ar su trayectoria acad\u00e9mica<br \/>\nEsta ma\u00f1ana, en la Facultad de Ingenier\u00eda de la Universidad Nacional del Nordeste (UNNE), el gobernador Jorge Milton Capitanich, junto a los ministros de Econom\u00eda, Santiago P\u00e9rez Pons y de Educaci\u00f3n, Aldo Lineras; el vicerrector de la UNNE Jos\u00e9 Basterra y el decano de la Facultad de Ingenier\u00eda Mario De Bortoli, hicieron entrega de la Tarjeta Tuya recargable a un total de 113 estudiantes universitarios beneficiarios de Construir Futuro. Se trata de la segunda etapa de dicho programa.<br \/>\nConstruir Futuro es un programa del Ministerio de Planificaci\u00f3n, Econom\u00eda e Infraestructura destinado a estudiantes universitarios y universitarias, que otorga un apoyo econ\u00f3mico \u00fanico para acompa\u00f1ar su trayectoria acad\u00e9mica. En este sentido, las personas beneficiarias acceder\u00e1n a una Tarjeta Tuya Recargable con un monto disponible de $30.000,00 para la compra de recursos de librer\u00eda como para impresiones, fotocopias, apuntes, cuadernillos y otros.<br \/>\nEl programa est\u00e1 dirigido a estudiantes de hasta 35 a\u00f1os que cursen sus estudios en alguna de las universidades p\u00fablicas de la Provincia (UNNE, UTN y UNCAUS), o en alguna de las sedes de la UNNE en la provincia de Corrientes.<br \/>\nEn esta ocasi\u00f3n, Mar\u00eda Phipps, coordinadora de Gabinete del Ministerio de Educaci\u00f3n, Cultura, Ciencia y Tecnolog\u00eda de la provincia destac\u00f3 que \u201csignifica un aporte econ\u00f3mico directo a cada estudiante de las diferentes unidades acad\u00e9micas de la UNNE, la UTN y la UNCAUS\u201d.<br \/>\n\u201cLuego de la iniciativa que tuvo el gobierno del Chaco con el programa Tom\u00e1 la Posta, que implic\u00f3 diferentes reuniones con j\u00f3venes de nuestra provincia, una de las cuestiones que m\u00e1s demandaban era el aporte econ\u00f3mico para poder continuar con sus trayectorias educativas y su formaci\u00f3n para poder ser futuros profesionales\u201d, explic\u00f3 Phipps. \u201cEsto responde a una demanda de los estudiantes\u201d, remarc\u00f3.<br \/>\nAdem\u00e1s, especific\u00f3 que \u201ccon estas tarjetas estamos llegando a 3000 estudiantes beneficiarios, de las tres universidades que est\u00e1n ubicadas en nuestra provincia\u201d.<br \/>\nPor su parte, Lourdes, estudiante de la Licenciatura en Ciencias de la Educaci\u00f3n de la Facultad de Humanidades de la UNNE expres\u00f3: \u201cNo solamente es un acompa\u00f1amiento econ\u00f3mico que puede ayudar a nuestra continuidad dentro de la facultad sino tambi\u00e9n para el perfeccionamiento y la calidad de profesionales\u201d. \u201cEstamos muy agradecidos con la provincia que se enfoc\u00f3 en los estudiantes\u201d, destac\u00f3.<br \/>\n\u201cUno de los grandes logros de nuestro pa\u00eds fue la universidad p\u00fablica, permitiendo a los estudiantes permanecer y egresarse, y otras son las pol\u00edticas como \u00e9sta que ayudan a la continuidad y al perfeccionamiento\u201d, manifest\u00f3 la estudiante.<\/p>\n","protected":false},"excerpt":{"rendered":"<p>Se trata de la segunda etapa del programa que otorga un apoyo econ\u00f3mico para acompa\u00f1ar su trayectoria acad\u00e9mica Esta ma\u00f1ana, en la Facultad de Ingenier\u00eda de la Universidad Nacional del Nordeste (UNNE), el gobernador Jorge Milton Capitanich, junto a los ministros de Econom\u00eda, Santiago P\u00e9rez Pons y de Educaci\u00f3n, Aldo Lineras; el vicerrector de la [&hellip;]<\/p>\n","protected":false},"author":1,"featured_media":23480,"comment_status":"closed","ping_status":"closed","sticky":false,"template":"","format":"standard","meta":{"footnotes":""},"categories":[6],"tags":[],"class_list":{"0":"post-23479","1":"post","2":"type-post","3":"status-publish","4":"format-standard","5":"has-post-thumbnail","7":"category-chaco"},"_links":{"self":[{"href":"https:\/\/chacosintesis.com.ar\/index.php\/wp-json\/wp\/v2\/posts\/23479","targetHints":{"allow":["GET"]}}],"collection":[{"href":"https:\/\/chacosintesis.com.ar\/index.php\/wp-json\/wp\/v2\/posts"}],"about":[{"href":"https:\/\/chacosintesis.com.ar\/index.php\/wp-json\/wp\/v2\/types\/post"}],"author":[{"embeddable":true,"href":"https:\/\/chacosintesis.com.ar\/index.php\/wp-json\/wp\/v2\/users\/1"}],"replies":[{"embeddable":true,"href":"https:\/\/chacosintesis.com.ar\/index.php\/wp-json\/wp\/v2\/comments?post=23479"}],"version-history":[{"count":0,"href":"https:\/\/chacosintesis.com.ar\/index.php\/wp-json\/wp\/v2\/posts\/23479\/revisions"}],"wp:featuredmedia":[{"embeddable":true,"href":"https:\/\/chacosintesis.com.ar\/index.php\/wp-json\/wp\/v2\/media\/23480"}],"wp:attachment":[{"href":"https:\/\/chacosintesis.com.ar\/index.php\/wp-json\/wp\/v2\/media?parent=23479"}],"wp:term":[{"taxonomy":"category","embeddable":true,"href":"https:\/\/chacosintesis.com.ar\/index.php\/wp-json\/wp\/v2\/categories?post=23479"},{"taxonomy":"post_tag","embeddable":true,"href":"https:\/\/chacosintesis.com.ar\/index.php\/wp-json\/wp\/v2\/tags?post=23479"}],"curies":[{"name":"wp","href":"https:\/\/api.w.org\/{rel}","templated":true}]}}