{"id":23471,"date":"2023-07-07T17:32:46","date_gmt":"2023-07-07T20:32:46","guid":{"rendered":"https:\/\/chacosintesis.com.ar\/?p=23471"},"modified":"2023-07-07T17:36:44","modified_gmt":"2023-07-07T20:36:44","slug":"julieta-campo-tenemos-politicas-para-que-los-jovenes-se-desarrollen-en-su-localidad-y-puedan-continuar-con-emprendimientos-familiares","status":"publish","type":"post","link":"https:\/\/chacosintesis.com.ar\/index.php\/julieta-campo-tenemos-politicas-para-que-los-jovenes-se-desarrollen-en-su-localidad-y-puedan-continuar-con-emprendimientos-familiares\/","title":{"rendered":"Julieta Campo: \u201cTenemos pol\u00edticas para que los j\u00f3venes se desarrollen en su localidad y puedan continuar con emprendimientos familiares\u201d"},"content":{"rendered":"<p>La subsecretaria habl\u00f3 sobre los programas que se vienen realizando en la provincia e hizo hincapi\u00e9 en la importancia de profundizar en pol\u00edticas para la capacitaci\u00f3n, el desarrollo y la inserci\u00f3n de los j\u00f3venes en los mercados.<br \/>\nJulieta Campo, subsecretaria de Juventudes y Diversidad, dialog\u00f3 con Chaco TV sobre el trabajo que el Gobierno provincial viene realizando desde 2019 en materia de pol\u00edticas y programas para los j\u00f3venes de la provincia. \u201cDesde el Ministerio de Desarrollo Social llevamos adelante el Programa \u2018Tom\u00e1 la Posta\u201d de manera conjunta con el Ministerio de Econom\u00eda y con el Potenciar Inclusi\u00f3n Joven logramos incluir a j\u00f3venes en situaci\u00f3n de vulnerabilidad con una propuesta socioproductiva y sociolaboral\u201d, expres\u00f3.<br \/>\nEn este sentido, habl\u00f3 de la importancia de generar pol\u00edticas de inserci\u00f3n para los j\u00f3venes y destac\u00f3 que el trabajo realizado hasta el momento ha generado \u201cresultados excepcionales\u201d. No obstante, hizo hincapi\u00e9 en la generaci\u00f3n de programas para generar empleos rurales. \u201cCreo que el concepto de federalismo se entiende cuando uno piensa que ning\u00fan pibe o ninguna piba se tenga que ir de su pueblo o provincia para poder desarrollarse\u201d, manifest\u00f3 Campo.<br \/>\nLa subsecretaria recorri\u00f3 la provincia y dialog\u00f3 con los j\u00f3venes chaque\u00f1os, quienes les hicieron notar las problem\u00e1ticas con las que cuentan. \u201cHay que pensar en financiamiento para maquinarias, insumos, herramientas y acceso a la tierra\u201d, expres\u00f3 Campo, y a\u00f1adi\u00f3 que tambi\u00e9n tienen que fortalecer los \u201cespacios de formaci\u00f3n y capacitaci\u00f3n que ya existen\u201d.<br \/>\nPor \u00faltimo, Campo destac\u00f3 la importancia de una ley propia de arraigo que permita \u201csostener a los j\u00f3venes en el interior del pa\u00eds\u201d para que de esa manera \u201cla comunidad se desarrolle\u201d. \u201cTenemos pol\u00edticas para que los j\u00f3venes se desarrollen en su localidad y puedan continuar con emprendimientos familiares. Tenemos que seguir profundizando este camino de obras estrat\u00e9gicas para sostener la ruralidad en todas las edades.\u201d, concluy\u00f3.<\/p>\n","protected":false},"excerpt":{"rendered":"<p>La subsecretaria habl\u00f3 sobre los programas que se vienen realizando en la provincia e hizo hincapi\u00e9 en la importancia de profundizar en pol\u00edticas para la capacitaci\u00f3n, el desarrollo y la inserci\u00f3n de los j\u00f3venes en los mercados. Julieta Campo, subsecretaria de Juventudes y Diversidad, dialog\u00f3 con Chaco TV sobre el trabajo que el Gobierno provincial [&hellip;]<\/p>\n","protected":false},"author":1,"featured_media":23472,"comment_status":"closed","ping_status":"closed","sticky":false,"template":"","format":"standard","meta":{"footnotes":""},"categories":[6],"tags":[],"class_list":{"0":"post-23471","1":"post","2":"type-post","3":"status-publish","4":"format-standard","5":"has-post-thumbnail","7":"category-chaco"},"_links":{"self":[{"href":"https:\/\/chacosintesis.com.ar\/index.php\/wp-json\/wp\/v2\/posts\/23471","targetHints":{"allow":["GET"]}}],"collection":[{"href":"https:\/\/chacosintesis.com.ar\/index.php\/wp-json\/wp\/v2\/posts"}],"about":[{"href":"https:\/\/chacosintesis.com.ar\/index.php\/wp-json\/wp\/v2\/types\/post"}],"author":[{"embeddable":true,"href":"https:\/\/chacosintesis.com.ar\/index.php\/wp-json\/wp\/v2\/users\/1"}],"replies":[{"embeddable":true,"href":"https:\/\/chacosintesis.com.ar\/index.php\/wp-json\/wp\/v2\/comments?post=23471"}],"version-history":[{"count":0,"href":"https:\/\/chacosintesis.com.ar\/index.php\/wp-json\/wp\/v2\/posts\/23471\/revisions"}],"wp:featuredmedia":[{"embeddable":true,"href":"https:\/\/chacosintesis.com.ar\/index.php\/wp-json\/wp\/v2\/media\/23472"}],"wp:attachment":[{"href":"https:\/\/chacosintesis.com.ar\/index.php\/wp-json\/wp\/v2\/media?parent=23471"}],"wp:term":[{"taxonomy":"category","embeddable":true,"href":"https:\/\/chacosintesis.com.ar\/index.php\/wp-json\/wp\/v2\/categories?post=23471"},{"taxonomy":"post_tag","embeddable":true,"href":"https:\/\/chacosintesis.com.ar\/index.php\/wp-json\/wp\/v2\/tags?post=23471"}],"curies":[{"name":"wp","href":"https:\/\/api.w.org\/{rel}","templated":true}]}}