{"id":23455,"date":"2023-07-07T17:04:32","date_gmt":"2023-07-07T20:04:32","guid":{"rendered":"https:\/\/chacosintesis.com.ar\/?p=23455"},"modified":"2023-07-07T17:07:14","modified_gmt":"2023-07-07T20:07:14","slug":"la-justicia-provincial-ratifico-la-obligatoriedad-de-capacitaciones-en-generos-para-trabajadores-del-estado","status":"publish","type":"post","link":"https:\/\/chacosintesis.com.ar\/index.php\/la-justicia-provincial-ratifico-la-obligatoriedad-de-capacitaciones-en-generos-para-trabajadores-del-estado\/","title":{"rendered":"La Justicia provincial ratific\u00f3 la obligatoriedad de capacitaciones en g\u00e9neros para trabajadores del Estado"},"content":{"rendered":"<p>Con un comunicado difundido este viernes, el Superior Tribunal de Justicia confirm\u00f3 la sentencia 04\/23 dictada por la Sala Primera de la C\u00e1mara en lo Contencioso Administrativo, que sostiene la obligatoriedad de capacitaci\u00f3n en g\u00e9nero para la administraci\u00f3n p\u00fablica.<br \/>\n\u201cLuego de analizar la Convenci\u00f3n Bel\u00e9m do Par\u00e1 de Eliminaci\u00f3n de todas las formas de violencia contra la mujer, su ley reglamentaria 26.845, la ley \u201cMicaela\u201d y \u201cNatalia Samaniego\u201d, en su resoluci\u00f3n determinaron la obligatoriedad de las capacitaciones en temas de g\u00e9nero y violencia contra las mujeres en todos los estamentos de la funci\u00f3n p\u00fablica\u201d, informaron.<br \/>\nAsimismo, agregaron que los integrantes de los cuatro integrantes del m\u00e1ximo \u00f3rgano judicial \u201cconfirmaron que las medidas preventivas en caso de violencia pueden tomarse en cualquier etapa del proceso, incluida la sentencia (Ley 26,845, art. 26)\u201d. \u201cDe igual manera, y conforme la jurisprudencia de la Corte IDH \u201cCampo Algodonero\u201d, afirmaron que la capacitaci\u00f3n en temas de g\u00e9nero debe extenderse en el tiempo, como un sistema de formaci\u00f3n continua para cumplir sus objetivos\u201d, agregaron.<br \/>\nAl mismo tiempo, se\u00f1alaron \u201cque las medidas de capacitaci\u00f3n en temas de g\u00e9nero y violencia contra las mujeres, son necesarias, adecuadas y justas para el caso concreto, donde si bien el objeto de la acci\u00f3n fue cumplido, no pueden obviarse las circunstancias de violencia laboral acreditadas que rodearon el caso y que deben tenerse presentes a fin de evitar y prevenir nuevas situaciones de este tipo\u201d.<br \/>\nEn ese contexto exhortaron a \u201ccontribuir a un adecuado ejercicio de sus funciones, velando por la continua capacitaci\u00f3n en los t\u00e9rminos de la ley 2997-G, as\u00ed como la elaboraci\u00f3n de mecanismos de prevenci\u00f3n, protecci\u00f3n y denuncia de casos de violencia de g\u00e9nero, laboral, institucional en el \u00e1mbito propio del Tribunal de Cuentas\u201d.<\/p>\n","protected":false},"excerpt":{"rendered":"<p>Con un comunicado difundido este viernes, el Superior Tribunal de Justicia confirm\u00f3 la sentencia 04\/23 dictada por la Sala Primera de la C\u00e1mara en lo Contencioso Administrativo, que sostiene la obligatoriedad de capacitaci\u00f3n en g\u00e9nero para la administraci\u00f3n p\u00fablica. \u201cLuego de analizar la Convenci\u00f3n Bel\u00e9m do Par\u00e1 de Eliminaci\u00f3n de todas las formas de violencia [&hellip;]<\/p>\n","protected":false},"author":1,"featured_media":23456,"comment_status":"closed","ping_status":"closed","sticky":false,"template":"","format":"standard","meta":{"footnotes":""},"categories":[6],"tags":[],"class_list":{"0":"post-23455","1":"post","2":"type-post","3":"status-publish","4":"format-standard","5":"has-post-thumbnail","7":"category-chaco"},"_links":{"self":[{"href":"https:\/\/chacosintesis.com.ar\/index.php\/wp-json\/wp\/v2\/posts\/23455","targetHints":{"allow":["GET"]}}],"collection":[{"href":"https:\/\/chacosintesis.com.ar\/index.php\/wp-json\/wp\/v2\/posts"}],"about":[{"href":"https:\/\/chacosintesis.com.ar\/index.php\/wp-json\/wp\/v2\/types\/post"}],"author":[{"embeddable":true,"href":"https:\/\/chacosintesis.com.ar\/index.php\/wp-json\/wp\/v2\/users\/1"}],"replies":[{"embeddable":true,"href":"https:\/\/chacosintesis.com.ar\/index.php\/wp-json\/wp\/v2\/comments?post=23455"}],"version-history":[{"count":0,"href":"https:\/\/chacosintesis.com.ar\/index.php\/wp-json\/wp\/v2\/posts\/23455\/revisions"}],"wp:featuredmedia":[{"embeddable":true,"href":"https:\/\/chacosintesis.com.ar\/index.php\/wp-json\/wp\/v2\/media\/23456"}],"wp:attachment":[{"href":"https:\/\/chacosintesis.com.ar\/index.php\/wp-json\/wp\/v2\/media?parent=23455"}],"wp:term":[{"taxonomy":"category","embeddable":true,"href":"https:\/\/chacosintesis.com.ar\/index.php\/wp-json\/wp\/v2\/categories?post=23455"},{"taxonomy":"post_tag","embeddable":true,"href":"https:\/\/chacosintesis.com.ar\/index.php\/wp-json\/wp\/v2\/tags?post=23455"}],"curies":[{"name":"wp","href":"https:\/\/api.w.org\/{rel}","templated":true}]}}