{"id":23453,"date":"2023-07-07T16:57:40","date_gmt":"2023-07-07T19:57:40","guid":{"rendered":"https:\/\/chacosintesis.com.ar\/?p=23453"},"modified":"2023-07-07T17:07:13","modified_gmt":"2023-07-07T20:07:13","slug":"recomiendan-asesorarse-desde-la-asociacion-de-viajes-y-turismo-piden-no-comprar-paquetes-estudiantiles-anticipados-a-2025","status":"publish","type":"post","link":"https:\/\/chacosintesis.com.ar\/index.php\/recomiendan-asesorarse-desde-la-asociacion-de-viajes-y-turismo-piden-no-comprar-paquetes-estudiantiles-anticipados-a-2025\/","title":{"rendered":"Recomiendan asesorarse: Desde la Asociaci\u00f3n de Viajes y Turismo piden no comprar paquetes estudiantiles anticipados a 2025"},"content":{"rendered":"<p>En di\u00e1logo con Chaco TV, el presidente de la Asociaci\u00f3n Argentina de Viajes y Turismo, Jos\u00e9 Sena, se refiri\u00f3 a la oferta de compra anticipada de viajes de egresados para 2025 que estar\u00edan difundiendo algunas empresas, sobre lo cual remarc\u00f3 que no es seguro hacerlo y pidi\u00f3 a los padres \u201cque tengan cuidado\u201d.<br \/>\n\u201cLa Ley es clara y ya se la estamos pasando a todos los padres. Tenemos que evitar este tipo de compras anticipadas porque no est\u00e1n amparadas por la Ley\u201d, sostuvo, y explic\u00f3 que \u201cpara todo lo que es turismo estudiantil hay un tiempo de ventas y de salida. La Ley dice que no se puede comercializar viajes de turismo estudiantil posterior al 31 de enero del a\u00f1o siguiente\u201d.<br \/>\nAdem\u00e1s, plante\u00f3 que \u201cpor la situaci\u00f3n econ\u00f3mica no se puede prever lo que va a estar en 2025 un paquete de turismo estudiantil, podemos pagar un precio pero no sabemos si despu\u00e9s va a estar todo m\u00e1s caro y se va a mantener el servicio\u201d, y advirti\u00f3 tambi\u00e9n que \u201chay que tomarse el tiempo tambi\u00e9n de prever que la empresa est\u00e9 habilitada en esa \u00e9poca, porque ese es otro tema, y en eso la Ley es clara, -los tr\u00e1mites- los arrancan en 2024 para habilitarse al a\u00f1o siguiente\u201d.<br \/>\n\u201cLa realidad es que hay que tener cuidado y comprar en tiempo y forma. Siempre pedimos a los padres que tengan precauci\u00f3n y lean bien los contratos. No por querer ganarle a la inflaci\u00f3n est\u00e1n haciendo algo bien. El peso que ponemos lo perdemos a futuro si no llega a ser as\u00ed\u201d, remarc\u00f3.<br \/>\nPor otra parte, se\u00f1al\u00f3 que es importante siempre exigir el comprobante de la \u201ccuota 0\u201d, ya que seg\u00fan explic\u00f3 \u201ces un seguro que se paga por si la empresa quiebra o tiene alg\u00fan incumplimiento, y es algo muy importante porque si pasa hay un fideicomiso que hace igual el viaje, con un servicio menor, pero la persona no se queda sin su viaje\u201d.<br \/>\nEn caso de tener dudas respecto a alguna empresa de viaje u ofrecimientos de paquetes, es importante consultar con el Instituto de Turismo de la provincia del Chaco al n\u00famero 0362 443-8880, en las oficinas de calle Corrientes 333 (Resistencia), al correo <a href=\"mailto:turismo.comunicacion@chaco.gob.ar\" >turismo.comunicacion@chaco.gob.ar<\/a> o por redes sociales (@insturchaco en Facebook).<\/p>\n","protected":false},"excerpt":{"rendered":"<p>En di\u00e1logo con Chaco TV, el presidente de la Asociaci\u00f3n Argentina de Viajes y Turismo, Jos\u00e9 Sena, se refiri\u00f3 a la oferta de compra anticipada de viajes de egresados para 2025 que estar\u00edan difundiendo algunas empresas, sobre lo cual remarc\u00f3 que no es seguro hacerlo y pidi\u00f3 a los padres \u201cque tengan cuidado\u201d. \u201cLa Ley [&hellip;]<\/p>\n","protected":false},"author":1,"featured_media":23454,"comment_status":"closed","ping_status":"closed","sticky":false,"template":"","format":"standard","meta":{"footnotes":""},"categories":[6],"tags":[],"class_list":{"0":"post-23453","1":"post","2":"type-post","3":"status-publish","4":"format-standard","5":"has-post-thumbnail","7":"category-chaco"},"_links":{"self":[{"href":"https:\/\/chacosintesis.com.ar\/index.php\/wp-json\/wp\/v2\/posts\/23453","targetHints":{"allow":["GET"]}}],"collection":[{"href":"https:\/\/chacosintesis.com.ar\/index.php\/wp-json\/wp\/v2\/posts"}],"about":[{"href":"https:\/\/chacosintesis.com.ar\/index.php\/wp-json\/wp\/v2\/types\/post"}],"author":[{"embeddable":true,"href":"https:\/\/chacosintesis.com.ar\/index.php\/wp-json\/wp\/v2\/users\/1"}],"replies":[{"embeddable":true,"href":"https:\/\/chacosintesis.com.ar\/index.php\/wp-json\/wp\/v2\/comments?post=23453"}],"version-history":[{"count":0,"href":"https:\/\/chacosintesis.com.ar\/index.php\/wp-json\/wp\/v2\/posts\/23453\/revisions"}],"wp:featuredmedia":[{"embeddable":true,"href":"https:\/\/chacosintesis.com.ar\/index.php\/wp-json\/wp\/v2\/media\/23454"}],"wp:attachment":[{"href":"https:\/\/chacosintesis.com.ar\/index.php\/wp-json\/wp\/v2\/media?parent=23453"}],"wp:term":[{"taxonomy":"category","embeddable":true,"href":"https:\/\/chacosintesis.com.ar\/index.php\/wp-json\/wp\/v2\/categories?post=23453"},{"taxonomy":"post_tag","embeddable":true,"href":"https:\/\/chacosintesis.com.ar\/index.php\/wp-json\/wp\/v2\/tags?post=23453"}],"curies":[{"name":"wp","href":"https:\/\/api.w.org\/{rel}","templated":true}]}}