{"id":23449,"date":"2023-07-07T16:43:03","date_gmt":"2023-07-07T19:43:03","guid":{"rendered":"https:\/\/chacosintesis.com.ar\/?p=23449"},"modified":"2023-07-07T17:07:12","modified_gmt":"2023-07-07T20:07:12","slug":"fortalecimiento-del-sistema-sanitario-se-entregaron-19-ambulancias-y-5-vehiculos-utilitarios-para-expandir-la-flota-de-traslado-de-salud-publica","status":"publish","type":"post","link":"https:\/\/chacosintesis.com.ar\/index.php\/fortalecimiento-del-sistema-sanitario-se-entregaron-19-ambulancias-y-5-vehiculos-utilitarios-para-expandir-la-flota-de-traslado-de-salud-publica\/","title":{"rendered":"Fortalecimiento del sistema sanitario: Se entregaron 19 ambulancias y 5 veh\u00edculos utilitarios para expandir la flota de traslado de Salud P\u00fablica"},"content":{"rendered":"<p>Se entregaron 19 ambulancias y 5 veh\u00edculos utilitarios, que forman parte de un programa que contempla un total de 54 unidades destinadas a mejorar los servicios de salud en todo el territorio provincial. Las nuevas unidades totalmente equipadas ser\u00e1n enviadas a diversas localidades mejorando la capacidad de respuesta y atenci\u00f3n m\u00e9dica en estas \u00e1reas.<br \/>\nEl gobernador Jorge Capitanich realiz\u00f3 este viernes  la entrega de 19 ambulancias y 5 veh\u00edculos utilitarios para fortalecer el servicio y el sistema de acceso a la Salud P\u00fablica de la provincia. Esta entrega forma parte de un total de 54 unidades destinadas a mejorar los servicios de salud en todo el territorio provincial.<br \/>\nLa entrega tuvo lugar en el play\u00f3n del CUNE (Club Universitario de la UNNE), donde se llev\u00f3 a cabo la tercera etapa de entrega de estas unidades adquiridas por el Ministerio de Salud P\u00fablica. En esta ocasi\u00f3n, se entregaron 19 ambulancias y 5 veh\u00edculos utilitarios, que se suman a las unidades ya entregadas anteriormente.<br \/>\nCapitanich asegur\u00f3 que estas nuevas unidades forman parte del proceso de completar un total de 54 ambulancias. \u201cEsto nos permitir\u00e1 aumentar y expandir nuestra flota de veh\u00edculos de traslado y ambulancias en toda la provincia, incluyendo tambi\u00e9n veh\u00edculos destinados a servicios mortuorios\u201d, dijo el gobernador.<br \/>\nCon estas acciones, el Gobierno apunta a llegar a las 303 unidades aproximadamente, a las que con la recuperaci\u00f3n de otros veh\u00edculos, eventualmente se podr\u00e1n alcanzar las 315 ambulancias o veh\u00edculos de traslados.<br \/>\n\u201cEsto significa que tendremos una mayor capacidad de cobertura, respaldo, reemplazo y sustituci\u00f3n, ya que es natural que estos equipos, como los camiones de tierra, pueden sufrir aver\u00edas o necesitar reparaciones que requieren mecanismos de sustituci\u00f3n o rotaci\u00f3n para garantizar la prestaci\u00f3n de servicios sanitarios\u201d, resalt\u00f3 el gobernador.<br \/>\n\u201cEl derecho a la salud es de suma importancia, y por eso hemos realizado inversiones significativas\u201d, dijo. En este sentido explic\u00f3 que se han destinado importantes recursos para la infraestructura hospitalaria, incluyendo 52 hospitales que han sido construidos, ampliados o completamente renovados.  Estas mejoras se han llevado a cabo con el objetivo de contar con instalaciones e infraestructura sanitaria adecuadas para ofrecer servicios de calidad. Adem\u00e1s, se realiza una gran inversi\u00f3n para asegurar una buena cobertura odontol\u00f3gica, con 75 sillones en 131 centros de salud, de un total de 474 existentes. Se han  adquirido equipamiento para diagn\u00f3stico por im\u00e1genes, como angi\u00f3grafos, tom\u00f3grafos y resonadores magn\u00e9ticos, con el fin de contar con tecnolog\u00eda de vanguardia.<br \/>\n\u201cEstamos haciendo todo lo posible para garantizar el derecho a la salud p\u00fablica para todos y todas\u201d, enfatiz\u00f3 el gobernador. \u201cReconocemos que existen desaf\u00edos operativos en ocasiones, pero es importante destacar que el Estado siempre est\u00e1 presente y garantiza el ejercicio de este derecho cuando lo necesitan\u201d, resalt\u00f3.<br \/>\nParticiparon de la entrega de las nuevas ambulancias y veh\u00edculos de traslados sanitarios autoridades del Ministerio de Salud P\u00fablica, intendente de las localidades de Corzuela, Rafael Carrara; de Puerto Bermejo, Isaac Velozo; de Fuerte Esperanza, In\u00e9s Ortega; adem\u00e1s de trabajadores y trabajadoras del sistema de Salud P\u00fablica.<br \/>\nEst\u00e1s 54 ambulancias se suman a la red de 249 veh\u00edculos de la flota provincial, alcanzando un total de 303 veh\u00edculos con una operatividad efectiva del 80%, lo que representa un gran avance en la capacidad de respuesta y atenci\u00f3n en emergencias m\u00e9dicas en toda la provincia .<br \/>\nPor \u00faltimo, se sumaron a la flota de veh\u00edculos 5 utilitarios de la marca Citro\u00ebn Berlingo, con una inversi\u00f3n de $5.000.000 cada unidad. Uno de estos utilitarios fue destinado al Hospital Pedi\u00e1trico &#8220;Avelino Castel\u00e1n&#8221; y los restantes se asignaron al nivel central del Ministerio de Salud P\u00fablica.<\/p>\n","protected":false},"excerpt":{"rendered":"<p>Se entregaron 19 ambulancias y 5 veh\u00edculos utilitarios, que forman parte de un programa que contempla un total de 54 unidades destinadas a mejorar los servicios de salud en todo el territorio provincial. Las nuevas unidades totalmente equipadas ser\u00e1n enviadas a diversas localidades mejorando la capacidad de respuesta y atenci\u00f3n m\u00e9dica en estas \u00e1reas. El [&hellip;]<\/p>\n","protected":false},"author":1,"featured_media":23450,"comment_status":"closed","ping_status":"closed","sticky":false,"template":"","format":"standard","meta":{"footnotes":""},"categories":[6],"tags":[],"class_list":{"0":"post-23449","1":"post","2":"type-post","3":"status-publish","4":"format-standard","5":"has-post-thumbnail","7":"category-chaco"},"_links":{"self":[{"href":"https:\/\/chacosintesis.com.ar\/index.php\/wp-json\/wp\/v2\/posts\/23449","targetHints":{"allow":["GET"]}}],"collection":[{"href":"https:\/\/chacosintesis.com.ar\/index.php\/wp-json\/wp\/v2\/posts"}],"about":[{"href":"https:\/\/chacosintesis.com.ar\/index.php\/wp-json\/wp\/v2\/types\/post"}],"author":[{"embeddable":true,"href":"https:\/\/chacosintesis.com.ar\/index.php\/wp-json\/wp\/v2\/users\/1"}],"replies":[{"embeddable":true,"href":"https:\/\/chacosintesis.com.ar\/index.php\/wp-json\/wp\/v2\/comments?post=23449"}],"version-history":[{"count":0,"href":"https:\/\/chacosintesis.com.ar\/index.php\/wp-json\/wp\/v2\/posts\/23449\/revisions"}],"wp:featuredmedia":[{"embeddable":true,"href":"https:\/\/chacosintesis.com.ar\/index.php\/wp-json\/wp\/v2\/media\/23450"}],"wp:attachment":[{"href":"https:\/\/chacosintesis.com.ar\/index.php\/wp-json\/wp\/v2\/media?parent=23449"}],"wp:term":[{"taxonomy":"category","embeddable":true,"href":"https:\/\/chacosintesis.com.ar\/index.php\/wp-json\/wp\/v2\/categories?post=23449"},{"taxonomy":"post_tag","embeddable":true,"href":"https:\/\/chacosintesis.com.ar\/index.php\/wp-json\/wp\/v2\/tags?post=23449"}],"curies":[{"name":"wp","href":"https:\/\/api.w.org\/{rel}","templated":true}]}}