{"id":23447,"date":"2023-07-07T16:36:51","date_gmt":"2023-07-07T19:36:51","guid":{"rendered":"https:\/\/chacosintesis.com.ar\/?p=23447"},"modified":"2023-07-07T17:07:11","modified_gmt":"2023-07-07T20:07:11","slug":"la-defensoria-del-pueblo-del-chaco-aseguro-que-trabajan-en-fijar-topes-al-aumento-de-combustibles","status":"publish","type":"post","link":"https:\/\/chacosintesis.com.ar\/index.php\/la-defensoria-del-pueblo-del-chaco-aseguro-que-trabajan-en-fijar-topes-al-aumento-de-combustibles\/","title":{"rendered":"La Defensor\u00eda del Pueblo del Chaco asegur\u00f3 que trabajan en fijar topes al aumento de combustibles"},"content":{"rendered":"<p>A trav\u00e9s de acciones junto a la Secretar\u00eda de Energ\u00eda de la Naci\u00f3n, se trabajar\u00e1 en un operativo de control, para consolidar topes porcentuales, y equipar los valores.<br \/>\nLa Defensor\u00eda del Pueblo de la Provincia del Chaco tuvo recientemente una reuni\u00f3n con la Subsecretaria de Hidrocarburos de la Secretar\u00eda de Energ\u00eda en Buenos Aires, para el trabajo conjunto alusivo a topes de precios y reducir la disparidad en los valores de los combustibles entre Buenos Aires y Chaco.<br \/>\nEn el encuentro, se previ\u00f3 la posibilidad de desarrollar un proyecto de resoluci\u00f3n con el cual establecer topes porcentuales, en la b\u00fasqueda mitigar la disparidad existente entre distintas regiones. Adem\u00e1s de garantizar precios m\u00e1s equitativos y accesibles para todos los ciudadanos; mediante la implementaci\u00f3n de un operativo de control conjunto.<br \/>\nPor su parte, Bernardo Voloj, Defensor del Pueblo refiri\u00f3 que \u201cresulta relevante destacar que la brecha de precios existente entre Buenos Aires y nuestra provincia genera preocupaci\u00f3n y malestar en la comunidad, evidenciando la necesidad de que exijamos un trato m\u00e1s federal. Por ello, consideramos fundamental establecer topes porcentuales que eviten desviaciones injustificadas en los precios de los combustibles, garantizando as\u00ed un acceso equitativo y justo\u201d.<br \/>\nFuturas acciones<br \/>\nBuscando alianzas estrat\u00e9gicas en la materia, pr\u00f3ximamente el organismo provincial se reunir\u00e1 con representantes de YPF, la empresa l\u00edder en el sector de combustibles. \u201cEn nuestra labor continua de defensa de los derechos de los consumidores chaque\u00f1os, estamos comprometidos en defender los derechos de los y las chaque\u00f1as y en velar por su bienestar. Trabajaremos arduamente para lograr una regulaci\u00f3n efectiva que reduzca as\u00ed la disparidad entre Buenos Aires y Chaco\u201d, concluy\u00f3 Voloj al respecto.<br \/>\nDesde el organismo se indica que se continuar\u00e1 informando sobre los avances en esta importante iniciativa, que reafirma el compromiso con la ciudadan\u00eda<\/p>\n","protected":false},"excerpt":{"rendered":"<p>A trav\u00e9s de acciones junto a la Secretar\u00eda de Energ\u00eda de la Naci\u00f3n, se trabajar\u00e1 en un operativo de control, para consolidar topes porcentuales, y equipar los valores. La Defensor\u00eda del Pueblo de la Provincia del Chaco tuvo recientemente una reuni\u00f3n con la Subsecretaria de Hidrocarburos de la Secretar\u00eda de Energ\u00eda en Buenos Aires, para [&hellip;]<\/p>\n","protected":false},"author":1,"featured_media":23448,"comment_status":"closed","ping_status":"closed","sticky":false,"template":"","format":"standard","meta":{"footnotes":""},"categories":[6],"tags":[],"class_list":{"0":"post-23447","1":"post","2":"type-post","3":"status-publish","4":"format-standard","5":"has-post-thumbnail","7":"category-chaco"},"_links":{"self":[{"href":"https:\/\/chacosintesis.com.ar\/index.php\/wp-json\/wp\/v2\/posts\/23447","targetHints":{"allow":["GET"]}}],"collection":[{"href":"https:\/\/chacosintesis.com.ar\/index.php\/wp-json\/wp\/v2\/posts"}],"about":[{"href":"https:\/\/chacosintesis.com.ar\/index.php\/wp-json\/wp\/v2\/types\/post"}],"author":[{"embeddable":true,"href":"https:\/\/chacosintesis.com.ar\/index.php\/wp-json\/wp\/v2\/users\/1"}],"replies":[{"embeddable":true,"href":"https:\/\/chacosintesis.com.ar\/index.php\/wp-json\/wp\/v2\/comments?post=23447"}],"version-history":[{"count":0,"href":"https:\/\/chacosintesis.com.ar\/index.php\/wp-json\/wp\/v2\/posts\/23447\/revisions"}],"wp:featuredmedia":[{"embeddable":true,"href":"https:\/\/chacosintesis.com.ar\/index.php\/wp-json\/wp\/v2\/media\/23448"}],"wp:attachment":[{"href":"https:\/\/chacosintesis.com.ar\/index.php\/wp-json\/wp\/v2\/media?parent=23447"}],"wp:term":[{"taxonomy":"category","embeddable":true,"href":"https:\/\/chacosintesis.com.ar\/index.php\/wp-json\/wp\/v2\/categories?post=23447"},{"taxonomy":"post_tag","embeddable":true,"href":"https:\/\/chacosintesis.com.ar\/index.php\/wp-json\/wp\/v2\/tags?post=23447"}],"curies":[{"name":"wp","href":"https:\/\/api.w.org\/{rel}","templated":true}]}}