{"id":23443,"date":"2023-07-07T16:32:25","date_gmt":"2023-07-07T19:32:25","guid":{"rendered":"https:\/\/chacosintesis.com.ar\/?p=23443"},"modified":"2023-07-07T16:36:55","modified_gmt":"2023-07-07T19:36:55","slug":"el-vocero-de-gobierno-dijo-que-los-cortes-de-calle-son-una-modalidad-de-protesta-que-esta-mas-que-agotada","status":"publish","type":"post","link":"https:\/\/chacosintesis.com.ar\/index.php\/el-vocero-de-gobierno-dijo-que-los-cortes-de-calle-son-una-modalidad-de-protesta-que-esta-mas-que-agotada\/","title":{"rendered":"El vocero de Gobierno dijo que los cortes de calle \u201cson una modalidad de protesta que est\u00e1 m\u00e1s que agotada\u201d"},"content":{"rendered":"<p>El funcionario ampli\u00f3 informaci\u00f3n respecto al operativo policial del jueves que desaloj\u00f3 una manifestaci\u00f3n en el microcentro de Resistencia.<br \/>\nEl vocero oficial,  Juan Manuel Chapo,  ampli\u00f3 informaci\u00f3n respecto al operativo policial del jueves que desaloj\u00f3 una manifestaci\u00f3n en el microcentro de Resistencia. \u201cObservamos que existe una exacerbaci\u00f3n y un abuso por parte de movimientos sociales\u201d, cuestion\u00f3 y respald\u00f3 las declaraciones de la ministra Zalazar quien hab\u00eda dicho que existe \u201chartazgo social\u201d en cuanto a la interrupci\u00f3n del tr\u00e1nsito.<br \/>\nDijo que los cortes de calle \u201cson una modalidad de protesta que est\u00e1 m\u00e1s que agotada; observamos que existe una exacerbaci\u00f3n y un abuso en esta cuesti\u00f3n y que hay movimientos sociales que insisten en sostenerla\u201d, asegur\u00f3.<br \/>\nEl vocero respald\u00f3 las declaraciones de la jornada previa de la ministra de Seguridad y Justicia, Gloria Zalazar, quien hab\u00eda mencionado que existe \u201chartazgo social\u201d en torno a las protestas que incluyen cortes de calles.<br \/>\n\u201cLa ministra fue muy clara y hago propias sus palabras; por dem\u00e1s est\u00e1 decir que este gobierno tiene una profunda vocaci\u00f3n de di\u00e1logo, pero tambi\u00e9n hay que marcar que hay quienes lo entienden y quienes se obstinan en no hacerlo\u201d, afirm\u00f3.<br \/>\nChapo dijo que el accionar de la fuerza policial el jueves se rigi\u00f3 por lo que establecen tanto la ley como los protocolos vigentes y que los que protagonizaron el corte sobre la peatonal y calles del microcentro fueron solamente dos movimientos sociales.<br \/>\n\u201cSe intervino en el marco del cumplimiento de la ley y de lo establecido por los protocolos; desde nuestra \u00f3ptica el corte de calles es una modalidad que est\u00e1 agotada desde hace mucho tiempo\u201d, enfatiz\u00f3.<br \/>\n\u201cNuestro gobierno mantiene su impronta de apertura al di\u00e1logo; cuando hay quienes parecen no entender que esa es la v\u00eda de soluci\u00f3n, hay que actuar en cuanto a lo que dictan la ley y los protocolos\u201d, agreg\u00f3.<br \/>\nPor \u00faltimo, el vocero detall\u00f3 que ayer jueves fueron demoradas dos personas que se encontraban participando del corte de calle; en tanto que se registraron dos efectivos policiales con lesiones menores.<\/p>\n","protected":false},"excerpt":{"rendered":"<p>El funcionario ampli\u00f3 informaci\u00f3n respecto al operativo policial del jueves que desaloj\u00f3 una manifestaci\u00f3n en el microcentro de Resistencia. El vocero oficial, Juan Manuel Chapo, ampli\u00f3 informaci\u00f3n respecto al operativo policial del jueves que desaloj\u00f3 una manifestaci\u00f3n en el microcentro de Resistencia. \u201cObservamos que existe una exacerbaci\u00f3n y un abuso por parte de movimientos sociales\u201d, [&hellip;]<\/p>\n","protected":false},"author":1,"featured_media":23444,"comment_status":"closed","ping_status":"closed","sticky":false,"template":"","format":"standard","meta":{"footnotes":""},"categories":[6],"tags":[],"class_list":{"0":"post-23443","1":"post","2":"type-post","3":"status-publish","4":"format-standard","5":"has-post-thumbnail","7":"category-chaco"},"_links":{"self":[{"href":"https:\/\/chacosintesis.com.ar\/index.php\/wp-json\/wp\/v2\/posts\/23443","targetHints":{"allow":["GET"]}}],"collection":[{"href":"https:\/\/chacosintesis.com.ar\/index.php\/wp-json\/wp\/v2\/posts"}],"about":[{"href":"https:\/\/chacosintesis.com.ar\/index.php\/wp-json\/wp\/v2\/types\/post"}],"author":[{"embeddable":true,"href":"https:\/\/chacosintesis.com.ar\/index.php\/wp-json\/wp\/v2\/users\/1"}],"replies":[{"embeddable":true,"href":"https:\/\/chacosintesis.com.ar\/index.php\/wp-json\/wp\/v2\/comments?post=23443"}],"version-history":[{"count":0,"href":"https:\/\/chacosintesis.com.ar\/index.php\/wp-json\/wp\/v2\/posts\/23443\/revisions"}],"wp:featuredmedia":[{"embeddable":true,"href":"https:\/\/chacosintesis.com.ar\/index.php\/wp-json\/wp\/v2\/media\/23444"}],"wp:attachment":[{"href":"https:\/\/chacosintesis.com.ar\/index.php\/wp-json\/wp\/v2\/media?parent=23443"}],"wp:term":[{"taxonomy":"category","embeddable":true,"href":"https:\/\/chacosintesis.com.ar\/index.php\/wp-json\/wp\/v2\/categories?post=23443"},{"taxonomy":"post_tag","embeddable":true,"href":"https:\/\/chacosintesis.com.ar\/index.php\/wp-json\/wp\/v2\/tags?post=23443"}],"curies":[{"name":"wp","href":"https:\/\/api.w.org\/{rel}","templated":true}]}}