{"id":23426,"date":"2023-07-06T19:58:27","date_gmt":"2023-07-06T22:58:27","guid":{"rendered":"https:\/\/chacosintesis.com.ar\/?p=23426"},"modified":"2023-07-06T20:06:42","modified_gmt":"2023-07-06T23:06:42","slug":"charata-sera-sede-del-congreso-internacional-sobre-discapacidad","status":"publish","type":"post","link":"https:\/\/chacosintesis.com.ar\/index.php\/charata-sera-sede-del-congreso-internacional-sobre-discapacidad\/","title":{"rendered":"Charata ser\u00e1 sede del Congreso Internacional sobre Discapacidad"},"content":{"rendered":"<p>El evento se desarrollar\u00e1 el 31 de julio, 1 y 2 de agosto en Resistencia, el 3 de agosto en Charata, y el 4 en General San Mart\u00edn. Adem\u00e1s se sumar\u00e1 el Foro Global para la Inclusi\u00f3n y la Discapacidad y la Entrega de los Premios de la Ciencia Eureka 2023 bajo el lema &#8220;Queremos hablar de Capacidad&#8221;.<br \/>\nEl presidente del Instituto Provincial para la Inclusi\u00f3n de las Personas con Discapacidad (IPRODICH), Jos\u00e9 Lorenzo anunci\u00f3 &#8211;junto a la intendenta Alejandra Campos-, que Charata ser\u00e1 nuevamente una de las sedes del Congreso Internacional sobre Discapacidad que se desarrollar\u00e1 del 31 de julio al 4 de agosto en la provincia. El evento se desarrollar\u00e1 el 31 de julio, 1 y 2 de agosto en Resistencia, el 3 de agosto en Charata, y el 4 en General San Mart\u00edn. Adem\u00e1s se sumar\u00e1 el Foro Global para la Inclusi\u00f3n y la Discapacidad y la Entrega de los Premios de la Ciencia Eureka 2023 bajo el lema &#8220;Queremos hablar de Capacidad\u201d.<br \/>\nEn Charata disertar\u00e1n especialistas internacionales como Orlando Terre Camacho, padrino del Centro Terap\u00e9utico \u201cLa Rosa Azul\u201d, el Mg. Miguel G\u00f3mez Gentil (Espa\u00f1a), Mg. C. Carmen Mar\u00eda Pflucker (Per\u00fa), y Mg. C. Clargina Nayali Monsalve Labrador (Chile). Para la localidad hay 1500 cupos habilitados. Las inscripciones se pueden hacer online a trav\u00e9s de <a href=\"http:\/\/www.cidchaco.com\">www.cidchaco.com<\/a>.<br \/>\n\u201cLas y los chaque\u00f1os del interior tendr\u00e1n la oportunidad de asistir a esta gran convocatoria que demanda el trabajo conjunto entre el Iprodich, el Municipio y las instituciones que trabajan con personas con discapacidad, invitamos a todos a ser parte de esta hermosa experiencia, a quienes quieran conocer m\u00e1s sobre discapacidad, ser\u00e1 otra instancia enriquecedora para lograr m\u00e1s inclusi\u00f3n para todas y todos\u201d, expres\u00f3 Campos.<br \/>\nRelevo de funciones y puntaje para docentes<br \/>\nMediante la Resoluci\u00f3n 2023-1717-29-1655, el evento cuenta con relevo de funciones para los\/las docentes que asistan en Resistencia, Charata y\/o San Mart\u00edn. Tambi\u00e9n otorgar\u00e1 puntaje a las\/los docentes, seg\u00fan valoraci\u00f3n de las Juntas de Clasificaci\u00f3n Docente.<\/p>\n","protected":false},"excerpt":{"rendered":"<p>El evento se desarrollar\u00e1 el 31 de julio, 1 y 2 de agosto en Resistencia, el 3 de agosto en Charata, y el 4 en General San Mart\u00edn. Adem\u00e1s se sumar\u00e1 el Foro Global para la Inclusi\u00f3n y la Discapacidad y la Entrega de los Premios de la Ciencia Eureka 2023 bajo el lema &#8220;Queremos [&hellip;]<\/p>\n","protected":false},"author":1,"featured_media":23427,"comment_status":"closed","ping_status":"closed","sticky":false,"template":"","format":"standard","meta":{"footnotes":""},"categories":[6],"tags":[],"class_list":{"0":"post-23426","1":"post","2":"type-post","3":"status-publish","4":"format-standard","5":"has-post-thumbnail","7":"category-chaco"},"_links":{"self":[{"href":"https:\/\/chacosintesis.com.ar\/index.php\/wp-json\/wp\/v2\/posts\/23426","targetHints":{"allow":["GET"]}}],"collection":[{"href":"https:\/\/chacosintesis.com.ar\/index.php\/wp-json\/wp\/v2\/posts"}],"about":[{"href":"https:\/\/chacosintesis.com.ar\/index.php\/wp-json\/wp\/v2\/types\/post"}],"author":[{"embeddable":true,"href":"https:\/\/chacosintesis.com.ar\/index.php\/wp-json\/wp\/v2\/users\/1"}],"replies":[{"embeddable":true,"href":"https:\/\/chacosintesis.com.ar\/index.php\/wp-json\/wp\/v2\/comments?post=23426"}],"version-history":[{"count":0,"href":"https:\/\/chacosintesis.com.ar\/index.php\/wp-json\/wp\/v2\/posts\/23426\/revisions"}],"wp:featuredmedia":[{"embeddable":true,"href":"https:\/\/chacosintesis.com.ar\/index.php\/wp-json\/wp\/v2\/media\/23427"}],"wp:attachment":[{"href":"https:\/\/chacosintesis.com.ar\/index.php\/wp-json\/wp\/v2\/media?parent=23426"}],"wp:term":[{"taxonomy":"category","embeddable":true,"href":"https:\/\/chacosintesis.com.ar\/index.php\/wp-json\/wp\/v2\/categories?post=23426"},{"taxonomy":"post_tag","embeddable":true,"href":"https:\/\/chacosintesis.com.ar\/index.php\/wp-json\/wp\/v2\/tags?post=23426"}],"curies":[{"name":"wp","href":"https:\/\/api.w.org\/{rel}","templated":true}]}}