{"id":23422,"date":"2023-07-06T19:55:20","date_gmt":"2023-07-06T22:55:20","guid":{"rendered":"https:\/\/chacosintesis.com.ar\/?p=23422"},"modified":"2023-07-06T20:06:41","modified_gmt":"2023-07-06T23:06:41","slug":"mas-equipamiento-para-ladrilleros-y-acuerdo-para-estandarizar-el-modelo-productivo","status":"publish","type":"post","link":"https:\/\/chacosintesis.com.ar\/index.php\/mas-equipamiento-para-ladrilleros-y-acuerdo-para-estandarizar-el-modelo-productivo\/","title":{"rendered":"M\u00e1s equipamiento para ladrilleros y acuerdo para estandarizar el modelo productivo"},"content":{"rendered":"<p>Mecanizaci\u00f3n de la producci\u00f3n, precios de referencia, conformaci\u00f3n de parques, equipamiento y log\u00edstica son los principales puntos.<br \/>\nEn su recorrida por S\u00e1enz Pe\u00f1a, el gobernador Jorge Capitanich y el vicepresidente del Instituto de Agricultura Familiar y Econom\u00eda Popular (IAFEP), Osvaldo Chiaramonte, se reunieron con el consorcio local de ladrilleros, entregaron la \u00faltima tanda de 13 cortadoras para avanzar hacia el proceso de mecanizaci\u00f3n y firmaron un acta con una serie de puntos de acuerdo para estandarizar el modelo productivo.<br \/>\n\u201cAcordamos la sustituci\u00f3n de la tracci\u00f3n animal con 10 tractores que estar\u00e1n disponibles la pr\u00f3xima semana y que se comercializaron a trav\u00e9s de los consorcios camineros, coordinamos fijar precios de ladrillos para no decaer con el precio y aumentar el parque ladrillero para lograr un mayor incremento en el n\u00famero de producci\u00f3n y por ende en la estructura de ingresos\u201d, indic\u00f3 el mandatario.<br \/>\nUno de estos puntos implica una transferencia mensual de 15 millones de pesos hacia los productores a trav\u00e9s de la Asociaci\u00f3n de Consorcios, que ser\u00e1 utilizada como garant\u00eda del flujo financiero para securitizar operaciones de leasing o cr\u00e9ditos prendarios que les permitan equiparse. A su vez, la asociaci\u00f3n determinar\u00e1 un plan de equipamiento que incluye perforadoras; parques ladrilleros con SUM, pellets, zampi y papel f\u00edlmico; moldes, mezcla de insumos y tipificaci\u00f3n de calidad de ladrillos; retroexcavadoras y camiones para transporte.<br \/>\nTambi\u00e9n definieron establecer, mediante un decreto, un precio de referencia de ladrillos de 20 y de 15 cent\u00edmetros para las transacciones que se realicen entre particulares y entre ladrilleros y el Estado provincial a trav\u00e9s de las obras p\u00fablicas. Otro de los puntos que se destacan es la compra anticipada por parte del Ejecutivo de un stock de ladrillos para la construcci\u00f3n de viviendas, veredas, plazas y dem\u00e1s obras p\u00fablicas para mantener el precio y la actividad.<br \/>\nTal como lo ratific\u00f3 el gobernador, paralelamente los consorcios recibir\u00e1n la asistencia -con el mismo sistema de garant\u00edas- de 10 tractores producto de la operaci\u00f3n de recepci\u00f3n de bienes usados por parte de los consorcios camineros en un plan de amortizaci\u00f3n por la compra de nuevos tractores, palas de arrastre y cargadores frontales, en dos etapas, comenzando la pr\u00f3xima semana.<br \/>\nEl presidente del consorcio de ladrilleros de S\u00e1enz Pe\u00f1a, Oscar Gonz\u00e1lez, especific\u00f3 que el acta acuerdo implica principalmente la mecanizaci\u00f3n del ladrillo artesanal para que no se corte m\u00e1s a mano, as\u00ed como la conformaci\u00f3n de parques ladrilleros. \u201cSe va a conformar el primero ac\u00e1 y lo mismo se va a hacer en otras seis o siete localidades\u201d, adelant\u00f3.<br \/>\nGonz\u00e1lez asegur\u00f3 que el avance que hubo desde el 2008 hasta la actualidad &#8220;es abismal&#8221; y que &#8220;es gracias a la apuesta del gobernador y al apoyo para con el sector&#8221;. &#8220;Estamos en la producci\u00f3n de 60 millones de ladrillos mensuales y tenemos el objetivo de llegar a los 100 millones en 18 meses, lo que beneficiar\u00e1 a los 36 consorcios de ladrilleros donde trabajan unas 2 mil familias y aproximadamente 12 mil personas\u201d, precis\u00f3 el productor.<br \/>\nPor \u00faltimo, record\u00f3 que hay 222 viviendas en construcci\u00f3n para el sector, las que se dividieron de manera equitativa entre los 36 consorcios. \u201cEsto era algo impensado para nosotros a\u00f1os atr\u00e1s y hoy gracias al aporte del gobierno y particularmente del gobernador podemos contar con derechos y viviendas dignas\u201d, remarc\u00f3.<br \/>\nM\u00e1s financiamiento para la cadena ganadera<br \/>\nCapitanich tambi\u00e9n visit\u00f3 el frigor\u00edfico \u201cLa Uni\u00f3n Limitada\u201d, que pretende duplicar la producci\u00f3n y los puestos de trabajo. Cont\u00f3 que la Provincia financi\u00f3 un contenedor de cadena de fr\u00edo para media reses que ya est\u00e1 funcionando en la planta de este emprendimiento recuperado por sus trabajadores. \u201cEsto es muy importante porque ellos tienen una capacidad de faena de 250 animales por mes. Son aproximadamente 3 mil por a\u00f1o, con faena propia y de terceros, y esto abastece toda la cadena de producci\u00f3n local y la distribuci\u00f3n en el mercado provincial\u201d, resalt\u00f3.<br \/>\nAsimismo, destac\u00f3 el hecho de que el frigor\u00edfico cuenta con 24 trabajadores que se mantuvieron en la cooperativa recuperada y que la idea es financiar tambi\u00e9n la capacidad de fr\u00edo de la c\u00e1mara bovina. \u201cEntonces hablamos de carne bovina, carne porcina y capacidad de almacenaje de cadena de fr\u00edo con el objetivo de aumentar m\u00e1s la capacidad productiva y en consecuencia el n\u00famero de trabajadores\u201d, insisti\u00f3 el mandatario, y agreg\u00f3: \u201cpara nosotros es estimulante pensar en duplicar la capacidad productiva, en dos turnos, lo que significar\u00eda m\u00e1s de 40 trabajadores y trabajadoras\u201d.<\/p>\n","protected":false},"excerpt":{"rendered":"<p>Mecanizaci\u00f3n de la producci\u00f3n, precios de referencia, conformaci\u00f3n de parques, equipamiento y log\u00edstica son los principales puntos. En su recorrida por S\u00e1enz Pe\u00f1a, el gobernador Jorge Capitanich y el vicepresidente del Instituto de Agricultura Familiar y Econom\u00eda Popular (IAFEP), Osvaldo Chiaramonte, se reunieron con el consorcio local de ladrilleros, entregaron la \u00faltima tanda de 13 [&hellip;]<\/p>\n","protected":false},"author":1,"featured_media":23423,"comment_status":"closed","ping_status":"closed","sticky":false,"template":"","format":"standard","meta":{"footnotes":""},"categories":[6],"tags":[],"class_list":{"0":"post-23422","1":"post","2":"type-post","3":"status-publish","4":"format-standard","5":"has-post-thumbnail","7":"category-chaco"},"_links":{"self":[{"href":"https:\/\/chacosintesis.com.ar\/index.php\/wp-json\/wp\/v2\/posts\/23422","targetHints":{"allow":["GET"]}}],"collection":[{"href":"https:\/\/chacosintesis.com.ar\/index.php\/wp-json\/wp\/v2\/posts"}],"about":[{"href":"https:\/\/chacosintesis.com.ar\/index.php\/wp-json\/wp\/v2\/types\/post"}],"author":[{"embeddable":true,"href":"https:\/\/chacosintesis.com.ar\/index.php\/wp-json\/wp\/v2\/users\/1"}],"replies":[{"embeddable":true,"href":"https:\/\/chacosintesis.com.ar\/index.php\/wp-json\/wp\/v2\/comments?post=23422"}],"version-history":[{"count":0,"href":"https:\/\/chacosintesis.com.ar\/index.php\/wp-json\/wp\/v2\/posts\/23422\/revisions"}],"wp:featuredmedia":[{"embeddable":true,"href":"https:\/\/chacosintesis.com.ar\/index.php\/wp-json\/wp\/v2\/media\/23423"}],"wp:attachment":[{"href":"https:\/\/chacosintesis.com.ar\/index.php\/wp-json\/wp\/v2\/media?parent=23422"}],"wp:term":[{"taxonomy":"category","embeddable":true,"href":"https:\/\/chacosintesis.com.ar\/index.php\/wp-json\/wp\/v2\/categories?post=23422"},{"taxonomy":"post_tag","embeddable":true,"href":"https:\/\/chacosintesis.com.ar\/index.php\/wp-json\/wp\/v2\/tags?post=23422"}],"curies":[{"name":"wp","href":"https:\/\/api.w.org\/{rel}","templated":true}]}}