{"id":23420,"date":"2023-07-06T19:53:33","date_gmt":"2023-07-06T22:53:33","guid":{"rendered":"https:\/\/chacosintesis.com.ar\/?p=23420"},"modified":"2023-07-06T20:06:40","modified_gmt":"2023-07-06T23:06:40","slug":"operativos-de-alimentacion-saludable-en-comedores-escolares-del-chaco","status":"publish","type":"post","link":"https:\/\/chacosintesis.com.ar\/index.php\/operativos-de-alimentacion-saludable-en-comedores-escolares-del-chaco\/","title":{"rendered":"Operativos de alimentaci\u00f3n saludable en comedores escolares del Chaco"},"content":{"rendered":"<p>La iniciativa tiene como objetivos mejorar la calidad nutricional, fortalecer la red local y garantizar transparencia y eficacia en el servicio para ni\u00f1as y ni\u00f1os en edad escolar.<br \/>\nUn equipo del Ministerio de Desarrollo Social, encabezado por la ministra Mar\u00eda P\u00eda Chiacchio Cavana, recorri\u00f3 los operativos de alimentaci\u00f3n saludable que se realizan en comedores escolares del Chaco.<br \/>\n\u201cSeguimos impulsando pol\u00edticas p\u00fablicas inclusivas con equidad social, garantizando el acceso a una alimentaci\u00f3n saludable a ni\u00f1as, ni\u00f1os en edad escolar, adem\u00e1s de dinamizar la econom\u00eda y fortalecer una red de proveedores locales, que van desde consorcios de servicios productivos, cooperativas de econom\u00eda popular, unidades productivas individuales y familiares, comercios de cercan\u00eda, peque\u00f1as y medianas empresas de alimentos\u201d, coment\u00f3 la cartera.<br \/>\nLa ministra Mar\u00eda P\u00eda Chiacchio Cavana, junto a integrantes de la Unidad Provincial de Seguimiento Nutricional Chaco y de Comedores Escolares, acompa\u00f1\u00f3 los operativos que se est\u00e1n realizando en establecimientos escolares que cuentan con SAE, a fin de supervisar y hacer un balance sobre el funcionamiento desde su implementaci\u00f3n.<br \/>\nTambi\u00e9n los equipos de nutricionistas de la UPSN, realizan controles antropom\u00e9tricos a ni\u00f1as y ni\u00f1os, para ver los alcances de los nuevos men\u00fas en cuanto a las mejoras nutritivas. Quienes padecen celiaqu\u00eda u otras enfermedades, reciben platos adecuados a sus necesidades<br \/>\nLa iniciativa tiene como objetivos mejorar la calidad nutricional, fortalecer la red local y garantizar transparencia y eficacia en el servicio para ni\u00f1as y ni\u00f1os en edad escolar.<\/p>\n","protected":false},"excerpt":{"rendered":"<p>La iniciativa tiene como objetivos mejorar la calidad nutricional, fortalecer la red local y garantizar transparencia y eficacia en el servicio para ni\u00f1as y ni\u00f1os en edad escolar. Un equipo del Ministerio de Desarrollo Social, encabezado por la ministra Mar\u00eda P\u00eda Chiacchio Cavana, recorri\u00f3 los operativos de alimentaci\u00f3n saludable que se realizan en comedores escolares [&hellip;]<\/p>\n","protected":false},"author":1,"featured_media":23421,"comment_status":"closed","ping_status":"closed","sticky":false,"template":"","format":"standard","meta":{"footnotes":""},"categories":[6],"tags":[],"class_list":{"0":"post-23420","1":"post","2":"type-post","3":"status-publish","4":"format-standard","5":"has-post-thumbnail","7":"category-chaco"},"_links":{"self":[{"href":"https:\/\/chacosintesis.com.ar\/index.php\/wp-json\/wp\/v2\/posts\/23420","targetHints":{"allow":["GET"]}}],"collection":[{"href":"https:\/\/chacosintesis.com.ar\/index.php\/wp-json\/wp\/v2\/posts"}],"about":[{"href":"https:\/\/chacosintesis.com.ar\/index.php\/wp-json\/wp\/v2\/types\/post"}],"author":[{"embeddable":true,"href":"https:\/\/chacosintesis.com.ar\/index.php\/wp-json\/wp\/v2\/users\/1"}],"replies":[{"embeddable":true,"href":"https:\/\/chacosintesis.com.ar\/index.php\/wp-json\/wp\/v2\/comments?post=23420"}],"version-history":[{"count":0,"href":"https:\/\/chacosintesis.com.ar\/index.php\/wp-json\/wp\/v2\/posts\/23420\/revisions"}],"wp:featuredmedia":[{"embeddable":true,"href":"https:\/\/chacosintesis.com.ar\/index.php\/wp-json\/wp\/v2\/media\/23421"}],"wp:attachment":[{"href":"https:\/\/chacosintesis.com.ar\/index.php\/wp-json\/wp\/v2\/media?parent=23420"}],"wp:term":[{"taxonomy":"category","embeddable":true,"href":"https:\/\/chacosintesis.com.ar\/index.php\/wp-json\/wp\/v2\/categories?post=23420"},{"taxonomy":"post_tag","embeddable":true,"href":"https:\/\/chacosintesis.com.ar\/index.php\/wp-json\/wp\/v2\/tags?post=23420"}],"curies":[{"name":"wp","href":"https:\/\/api.w.org\/{rel}","templated":true}]}}