{"id":23401,"date":"2023-07-06T16:44:23","date_gmt":"2023-07-06T19:44:23","guid":{"rendered":"https:\/\/chacosintesis.com.ar\/?p=23401"},"modified":"2023-07-06T17:06:47","modified_gmt":"2023-07-06T20:06:47","slug":"se-inauguro-el-anexo-ii-del-jardin-de-infantes-no-87-de-colonia-aborigen","status":"publish","type":"post","link":"https:\/\/chacosintesis.com.ar\/index.php\/se-inauguro-el-anexo-ii-del-jardin-de-infantes-no-87-de-colonia-aborigen\/","title":{"rendered":"Se inaugur\u00f3 el Anexo II del Jard\u00edn de Infantes N\u00ba 87 de Colonia Aborigen"},"content":{"rendered":"<p>El establecimiento educativo estren\u00f3 instalaciones nuevas para brindar educaci\u00f3n a 24 ni\u00f1as y ni\u00f1os de la localidad. Tambi\u00e9n se recorri\u00f3 la obra de la EEP N\u00ba 300, que se inaugurar\u00e1 el pr\u00f3ximo 31 de julio.<br \/>\nEl gobernador Jorge Capitanich, junto a la comunidad educativa, inaugur\u00f3 la refacci\u00f3n y ampliaci\u00f3n del Anexo II del Jard\u00edn de Infantes N\u00ba 87 en Colonia Aborigen. \u201cSabemos lo que significa para las ciudades del interior y el \u00e1mbito rural el acceso a la educaci\u00f3n. Hoy tenemos el 100% de cobertura en las salas de cinco; en salas de cuatro a\u00f1os estamos cerca del 100%, y superamos el 50% de la cobertura para las salas de tres a\u00f1os. Esto se completa con los 43 Centros de Desarrollo Infantil que estamos inaugurando en toda la provincia, para garantizar la estimulaci\u00f3n temprana y el seguimiento nutricional y de salud de las ni\u00f1as y ni\u00f1os chaque\u00f1os\u201d, destac\u00f3.<br \/>\nEn la ocasi\u00f3n estuvo acompa\u00f1ado del intendente Ariel Lovey y la directora del jard\u00edn, Claudia Graciela Medina, junto al ministro de Educaci\u00f3n, Aldo Lineras. La obra demand\u00f3 una inversi\u00f3n de $144.481.736,76, ejecutada por la empresa Bylsa, y con financiamiento del Fondo 37.<br \/>\nLa intervenci\u00f3n incluy\u00f3 la creaci\u00f3n del ala de administraci\u00f3n con oficina y sanitarios para docentes, adem\u00e1s de trabajos en el patio de juegos y la galer\u00eda semicubierta. Tambi\u00e9n se realiz\u00f3 la refacci\u00f3n integral en salas, sanitarios, ca\u00f1er\u00edas y la pintura de todo el edificio escolar. Adem\u00e1s se adquiri\u00f3 mobiliario, con tres mesas y seis sillas para sala, 26 sillitas para estudiantes, m\u00e1s dos mesas y cuatro sillas, un escritorio, sillas tapizadas y un armario para el \u00e1rea de administraci\u00f3n.<br \/>\nEn esta visita a la localidad, Capitanich recorri\u00f3 la obra de la EEP N\u00ba 300, que est\u00e1 ubicada al lado del Jard\u00edn de Infantes N\u00ba 87. La misma presenta un avance de casi el 90% y el gobernador anunci\u00f3 que el pr\u00f3ximo 31 de julio estar\u00e1 presente en su inauguraci\u00f3n. La mejora de este edificio escolar implic\u00f3 la construcci\u00f3n del \u00e1rea administrativa, el cerco perimetral del edificio y todo el sistema el\u00e9ctrico.<br \/>\nEl gobernador explic\u00f3 que esta obra forma parte de las m\u00e1s de 820 escuelas refaccionadas y ampliadas \u201ccon el objetivo de promover inclusi\u00f3n social a trav\u00e9s de aulas limpias y c\u00f3modas, como tambi\u00e9n una mejor calidad de vida acompa\u00f1ando el gran trabajo de docentes, personal directivo, padres y madres\u201d.<br \/>\nEsta instituci\u00f3n alberga una matr\u00edcula de 96 estudiantes en los turnos ma\u00f1ana y tarde, con cuatro docentes criollos de grado, m\u00e1s tres maestros biling\u00fces interculturales y un auxiliar docente biling\u00fce y un maestro de materia especial.<br \/>\nA lo largo de esta gesti\u00f3n, se invirtieron m\u00e1s de $1.291.000.000, en el desarrollo comunitario de Colonia Aborigen en las \u00e1reas de salud, seguridad, mejoramiento de la electrificaci\u00f3n urbana y el tendido rural, acceso al agua potable, pavimentaci\u00f3n y mejora de caminos, espacios recreativos, deportivos y educativos; entre obras finalizadas, en ejecuci\u00f3n y proyectadas.<\/p>\n","protected":false},"excerpt":{"rendered":"<p>El establecimiento educativo estren\u00f3 instalaciones nuevas para brindar educaci\u00f3n a 24 ni\u00f1as y ni\u00f1os de la localidad. Tambi\u00e9n se recorri\u00f3 la obra de la EEP N\u00ba 300, que se inaugurar\u00e1 el pr\u00f3ximo 31 de julio. El gobernador Jorge Capitanich, junto a la comunidad educativa, inaugur\u00f3 la refacci\u00f3n y ampliaci\u00f3n del Anexo II del Jard\u00edn de [&hellip;]<\/p>\n","protected":false},"author":1,"featured_media":23402,"comment_status":"closed","ping_status":"closed","sticky":false,"template":"","format":"standard","meta":{"footnotes":""},"categories":[6],"tags":[],"class_list":{"0":"post-23401","1":"post","2":"type-post","3":"status-publish","4":"format-standard","5":"has-post-thumbnail","7":"category-chaco"},"_links":{"self":[{"href":"https:\/\/chacosintesis.com.ar\/index.php\/wp-json\/wp\/v2\/posts\/23401","targetHints":{"allow":["GET"]}}],"collection":[{"href":"https:\/\/chacosintesis.com.ar\/index.php\/wp-json\/wp\/v2\/posts"}],"about":[{"href":"https:\/\/chacosintesis.com.ar\/index.php\/wp-json\/wp\/v2\/types\/post"}],"author":[{"embeddable":true,"href":"https:\/\/chacosintesis.com.ar\/index.php\/wp-json\/wp\/v2\/users\/1"}],"replies":[{"embeddable":true,"href":"https:\/\/chacosintesis.com.ar\/index.php\/wp-json\/wp\/v2\/comments?post=23401"}],"version-history":[{"count":0,"href":"https:\/\/chacosintesis.com.ar\/index.php\/wp-json\/wp\/v2\/posts\/23401\/revisions"}],"wp:featuredmedia":[{"embeddable":true,"href":"https:\/\/chacosintesis.com.ar\/index.php\/wp-json\/wp\/v2\/media\/23402"}],"wp:attachment":[{"href":"https:\/\/chacosintesis.com.ar\/index.php\/wp-json\/wp\/v2\/media?parent=23401"}],"wp:term":[{"taxonomy":"category","embeddable":true,"href":"https:\/\/chacosintesis.com.ar\/index.php\/wp-json\/wp\/v2\/categories?post=23401"},{"taxonomy":"post_tag","embeddable":true,"href":"https:\/\/chacosintesis.com.ar\/index.php\/wp-json\/wp\/v2\/tags?post=23401"}],"curies":[{"name":"wp","href":"https:\/\/api.w.org\/{rel}","templated":true}]}}