{"id":23385,"date":"2023-07-06T16:24:58","date_gmt":"2023-07-06T19:24:58","guid":{"rendered":"https:\/\/chacosintesis.com.ar\/?p=23385"},"modified":"2023-07-06T16:37:16","modified_gmt":"2023-07-06T19:37:16","slug":"represion-en-el-microcentro-gloria-zalazar-entendemos-el-hartazgo-social-no-se-puede-convivir-con-manifestaciones-permanentes-que-generan-caos","status":"publish","type":"post","link":"https:\/\/chacosintesis.com.ar\/index.php\/represion-en-el-microcentro-gloria-zalazar-entendemos-el-hartazgo-social-no-se-puede-convivir-con-manifestaciones-permanentes-que-generan-caos\/","title":{"rendered":"Represi\u00f3n en el microcentro, Gloria Zalazar: \u201cEntendemos el hartazgo social, no se puede convivir con manifestaciones permanentes que generan caos\u201d"},"content":{"rendered":"<p>La ministra de Seguridad y Justicia se refiri\u00f3 a los hechos ocurridos esta ma\u00f1ana, cuando la Polic\u00eda del Chaco despej\u00f3 un corte de tr\u00e1nsito en el microcentro de Resistencia. Hay dos personas demoradas y dos polic\u00edas resultaron heridos.<br \/>\n\u201cEntendemos el hartazgo social que genera esta situaci\u00f3n y actuamos en consecuencia. No se puede convivir con manifestaciones permanentes que alteran el orden y generan caos, afectando a miles de vecinos y vecinas que cada d\u00eda deben concurrir al centro a trabajar o a realizar tr\u00e1mites\u201d, afirm\u00f3 la ministra de Seguridad y Justicia, Gloria Zalazar.<br \/>\nEn la ma\u00f1ana de este jueves la Polic\u00eda del Chaco despej\u00f3 un corte de tr\u00e1nsito realizado por manifestantes de movimientos sociales. El hecho tuvo lugar en el microcentro de la capital chaque\u00f1a y dej\u00f3 como saldo dos polic\u00edas heridos y dos personas demoradas. No se registraron da\u00f1os edilicios.<br \/>\nLa funcionaria destac\u00f3 adem\u00e1s \u201cel accionar profesional de la Polic\u00eda de la provincia conforme a la Ley 2399-J, que establece los protocolos de intervenci\u00f3n en manifestaciones. La Polic\u00eda actu\u00f3 en funci\u00f3n de preservar la seguridad de los comerciantes y transe\u00fantes\u201d.<br \/>\nCerca de las 9:35 una columna de al menos 100 manifestantes pertenecientes al MTD 26 de marzo y MTD 28 de marzo marcharon sobre la calle Frondizi hasta peatonal Illia ingresando por esta hasta peatonal Per\u00f3n. Luego se dirigieron por Santa Mar\u00eda de Oro y Julio Roca, donde fueron interceptados por un grupo de Infanter\u00eda policial.<br \/>\nLos efectivos policiales actuaron seg\u00fan los protocolos indicados en la Ley 2399-J, que establece los criterios m\u00ednimos sobre la actuaci\u00f3n de las fuerzas de seguridad en manifestaciones p\u00fablicas.<br \/>\nHacia las 9:45, los agentes policiales avanzaron con el objetivo de dispersar a los manifestantes, quienes se dividieron en dos grupos dispersos que corrieron en direcci\u00f3n a las peatonales Per\u00f3n e Illia, respectivamente. Este \u00faltimo grupo se torn\u00f3 hostil y arroj\u00f3 escombros y elementos contundentes contra la formaci\u00f3n policial.<br \/>\nComo consecuencia del ataque resultaron heridos dos efectivos policiales, mientras que otras dos personas de 16 y 31 a\u00f1os fueron demoradas. Adem\u00e1s, se produjo el secuestro de un autom\u00f3vil marca Chevrolet.<br \/>\nHacia las 10 de la ma\u00f1ana, efectivos policiales realizaron un relevamiento en ambas peatonales, no constatando da\u00f1os a las estructuras edilicias hasta el momento, aunque s\u00ed en autos particulares.<\/p>\n","protected":false},"excerpt":{"rendered":"<p>La ministra de Seguridad y Justicia se refiri\u00f3 a los hechos ocurridos esta ma\u00f1ana, cuando la Polic\u00eda del Chaco despej\u00f3 un corte de tr\u00e1nsito en el microcentro de Resistencia. Hay dos personas demoradas y dos polic\u00edas resultaron heridos. \u201cEntendemos el hartazgo social que genera esta situaci\u00f3n y actuamos en consecuencia. No se puede convivir con [&hellip;]<\/p>\n","protected":false},"author":1,"featured_media":23386,"comment_status":"closed","ping_status":"closed","sticky":false,"template":"","format":"standard","meta":{"footnotes":""},"categories":[6],"tags":[],"class_list":{"0":"post-23385","1":"post","2":"type-post","3":"status-publish","4":"format-standard","5":"has-post-thumbnail","7":"category-chaco"},"_links":{"self":[{"href":"https:\/\/chacosintesis.com.ar\/index.php\/wp-json\/wp\/v2\/posts\/23385","targetHints":{"allow":["GET"]}}],"collection":[{"href":"https:\/\/chacosintesis.com.ar\/index.php\/wp-json\/wp\/v2\/posts"}],"about":[{"href":"https:\/\/chacosintesis.com.ar\/index.php\/wp-json\/wp\/v2\/types\/post"}],"author":[{"embeddable":true,"href":"https:\/\/chacosintesis.com.ar\/index.php\/wp-json\/wp\/v2\/users\/1"}],"replies":[{"embeddable":true,"href":"https:\/\/chacosintesis.com.ar\/index.php\/wp-json\/wp\/v2\/comments?post=23385"}],"version-history":[{"count":0,"href":"https:\/\/chacosintesis.com.ar\/index.php\/wp-json\/wp\/v2\/posts\/23385\/revisions"}],"wp:featuredmedia":[{"embeddable":true,"href":"https:\/\/chacosintesis.com.ar\/index.php\/wp-json\/wp\/v2\/media\/23386"}],"wp:attachment":[{"href":"https:\/\/chacosintesis.com.ar\/index.php\/wp-json\/wp\/v2\/media?parent=23385"}],"wp:term":[{"taxonomy":"category","embeddable":true,"href":"https:\/\/chacosintesis.com.ar\/index.php\/wp-json\/wp\/v2\/categories?post=23385"},{"taxonomy":"post_tag","embeddable":true,"href":"https:\/\/chacosintesis.com.ar\/index.php\/wp-json\/wp\/v2\/tags?post=23385"}],"curies":[{"name":"wp","href":"https:\/\/api.w.org\/{rel}","templated":true}]}}