{"id":23383,"date":"2023-07-06T16:21:28","date_gmt":"2023-07-06T19:21:28","guid":{"rendered":"https:\/\/chacosintesis.com.ar\/?p=23383"},"modified":"2023-07-06T16:37:16","modified_gmt":"2023-07-06T19:37:16","slug":"caso-cecilia-llevaron-a-emerenciano-sena-al-perrando-para-un-control-medico","status":"publish","type":"post","link":"https:\/\/chacosintesis.com.ar\/index.php\/caso-cecilia-llevaron-a-emerenciano-sena-al-perrando-para-un-control-medico\/","title":{"rendered":"Caso Cecilia: Llevaron a Emerenciano Sena al Perrando para un control m\u00e9dico"},"content":{"rendered":"<p>Anoche, tambi\u00e9n fue evaluada en ese centro asistencial su esposa Acu\u00f1a, quien fue sometida a un control luego de sufrir mareos durante el mediod\u00eda, seg\u00fan las fuentes judiciales.<br \/>\nEmerenciano Sena, acusado junto a su hijo C\u00e9sar Sena y a su esposa Marcela Acu\u00f1a por el femicidio de su nuera Cecilia Strzyzowski, fue trasladado esta ma\u00f1ana al hospital Perrando, de la ciudad de Resistencia, Chaco, para ser sometido a controles, informaron fuentes policiales.<br \/>\nRodeado de efectivos de la polic\u00eda chaque\u00f1a, el acusado fue llevado en una patrulla desde la sede de la seccional tercera de Resistencia hasta el centro asistencial, situado en 9 de Julio al 1100.<br \/>\nAnoche, tambi\u00e9n fue evaluada en ese centro asistencial su esposa Acu\u00f1a, quien fue sometida a un control luego de sufrir mareos durante el mediod\u00eda, seg\u00fan las fuentes judiciales.<br \/>\nMinutos antes de las 20, y con un fuerte operativo policial, la mujer fue llevada desde el Departamento Violencia Familiar y de G\u00e9nero, donde cumple la prisi\u00f3n preventiva por el crimen de Strzyzowski, hacia el hospital Perrando.<br \/>\nLos voceros dijeron a T\u00e9lam que el traslado se debi\u00f3 a que ayer al mediod\u00eda Acu\u00f1a, al ser revisada por personal m\u00e9dico, manifest\u00f3 sentirse mareada debido a la medicaci\u00f3n que toma para la tiroides, por lo que se recomend\u00f3 que sea supervisada por un especialista para que determine si es necesario reajustar la dosis.<br \/>\nTras finalizar los estudios, y entre insultos de otros pacientes, Acu\u00f1a fue retirada del centro de salud, con un chaleco antibalas y un casco, para ser llevada nuevamente al centro donde permanece detenida.<br \/>\nAcu\u00f1a y Emerenciano Sena est\u00e1n acusados del delito de homicidio agravado por el concurso premeditado de dos o m\u00e1s personas, al igual que su hijo C\u00e9sar, a quien adem\u00e1s la justicia le imputa otros dos agravantes: el v\u00ednculo y el femicidio.<br \/>\nEn tanto, en el marco de la causa hay otros cuatro acusados por encubrimiento agravado, ya que se cree que colaboraron para hacer desaparecer el cuerpo de Cecilia el 2 de junio.<br \/>\nFuente: T\u00e9lam<\/p>\n","protected":false},"excerpt":{"rendered":"<p>Anoche, tambi\u00e9n fue evaluada en ese centro asistencial su esposa Acu\u00f1a, quien fue sometida a un control luego de sufrir mareos durante el mediod\u00eda, seg\u00fan las fuentes judiciales. Emerenciano Sena, acusado junto a su hijo C\u00e9sar Sena y a su esposa Marcela Acu\u00f1a por el femicidio de su nuera Cecilia Strzyzowski, fue trasladado esta ma\u00f1ana [&hellip;]<\/p>\n","protected":false},"author":1,"featured_media":23384,"comment_status":"closed","ping_status":"closed","sticky":false,"template":"","format":"standard","meta":{"footnotes":""},"categories":[6],"tags":[],"class_list":{"0":"post-23383","1":"post","2":"type-post","3":"status-publish","4":"format-standard","5":"has-post-thumbnail","7":"category-chaco"},"_links":{"self":[{"href":"https:\/\/chacosintesis.com.ar\/index.php\/wp-json\/wp\/v2\/posts\/23383","targetHints":{"allow":["GET"]}}],"collection":[{"href":"https:\/\/chacosintesis.com.ar\/index.php\/wp-json\/wp\/v2\/posts"}],"about":[{"href":"https:\/\/chacosintesis.com.ar\/index.php\/wp-json\/wp\/v2\/types\/post"}],"author":[{"embeddable":true,"href":"https:\/\/chacosintesis.com.ar\/index.php\/wp-json\/wp\/v2\/users\/1"}],"replies":[{"embeddable":true,"href":"https:\/\/chacosintesis.com.ar\/index.php\/wp-json\/wp\/v2\/comments?post=23383"}],"version-history":[{"count":0,"href":"https:\/\/chacosintesis.com.ar\/index.php\/wp-json\/wp\/v2\/posts\/23383\/revisions"}],"wp:featuredmedia":[{"embeddable":true,"href":"https:\/\/chacosintesis.com.ar\/index.php\/wp-json\/wp\/v2\/media\/23384"}],"wp:attachment":[{"href":"https:\/\/chacosintesis.com.ar\/index.php\/wp-json\/wp\/v2\/media?parent=23383"}],"wp:term":[{"taxonomy":"category","embeddable":true,"href":"https:\/\/chacosintesis.com.ar\/index.php\/wp-json\/wp\/v2\/categories?post=23383"},{"taxonomy":"post_tag","embeddable":true,"href":"https:\/\/chacosintesis.com.ar\/index.php\/wp-json\/wp\/v2\/tags?post=23383"}],"curies":[{"name":"wp","href":"https:\/\/api.w.org\/{rel}","templated":true}]}}