{"id":23377,"date":"2023-07-06T16:09:56","date_gmt":"2023-07-06T19:09:56","guid":{"rendered":"https:\/\/chacosintesis.com.ar\/?p=23377"},"modified":"2023-07-06T16:37:14","modified_gmt":"2023-07-06T19:37:14","slug":"oriundo-de-la-leonesa-murio-un-hombre-que-se-encontraba-internado-en-el-perrando-por-graves-quemaduras","status":"publish","type":"post","link":"https:\/\/chacosintesis.com.ar\/index.php\/oriundo-de-la-leonesa-murio-un-hombre-que-se-encontraba-internado-en-el-perrando-por-graves-quemaduras\/","title":{"rendered":"Oriundo de la Leonesa: Muri\u00f3 un hombre que se encontraba internado en el Perrando por graves quemaduras"},"content":{"rendered":"<p>Desde la Polic\u00eda del Chaco informaron este jueves que alrededor de las 6:00 se confirm\u00f3 el fallecimiento de C\u00e1ceres Ezequiel Victor de 41 a\u00f1os, residente del barrio Margarita de la localidad de La Leonesa.<br \/>\nSeg\u00fan lo consignado en el parte, el hombre ingres\u00f3 al nosocomio el 18 de junio con diagn\u00f3stico de \u201cgran quemado, asistencia respiratoria mec\u00e1nica, estado grave y pron\u00f3stico reservado\u201d.<br \/>\nDe acuerdo a las primeras explicaciones de la Polic\u00eda, la v\u00edctima habr\u00eda sufrido lesiones \u201cpor el incendio de su domicilio\u201d, sin embargo, hoy se\u00f1alaron que seg\u00fan lo que hab\u00edan manifestado familiares a las autoridades el d\u00eda del hecho, el hombre \u201cse encontraba ingiriendo bebidas alcoh\u00f3licas y al intentar encender un cigarrillo se volc\u00f3 la bebida en todo su cuerpo, ocasionando de esta manera las quemaduras en su cuerpo\u201d, por lo que fue trasladado de inmediato al hospital local, donde le diagnosticaron \u201cquemaduras en cabeza y pecho, con lesiones de 1\u00b0 y 2\u00b0 grado\u201d.<\/p>\n","protected":false},"excerpt":{"rendered":"<p>Desde la Polic\u00eda del Chaco informaron este jueves que alrededor de las 6:00 se confirm\u00f3 el fallecimiento de C\u00e1ceres Ezequiel Victor de 41 a\u00f1os, residente del barrio Margarita de la localidad de La Leonesa. Seg\u00fan lo consignado en el parte, el hombre ingres\u00f3 al nosocomio el 18 de junio con diagn\u00f3stico de \u201cgran quemado, asistencia [&hellip;]<\/p>\n","protected":false},"author":1,"featured_media":23378,"comment_status":"closed","ping_status":"closed","sticky":false,"template":"","format":"standard","meta":{"footnotes":""},"categories":[6],"tags":[],"class_list":{"0":"post-23377","1":"post","2":"type-post","3":"status-publish","4":"format-standard","5":"has-post-thumbnail","7":"category-chaco"},"_links":{"self":[{"href":"https:\/\/chacosintesis.com.ar\/index.php\/wp-json\/wp\/v2\/posts\/23377","targetHints":{"allow":["GET"]}}],"collection":[{"href":"https:\/\/chacosintesis.com.ar\/index.php\/wp-json\/wp\/v2\/posts"}],"about":[{"href":"https:\/\/chacosintesis.com.ar\/index.php\/wp-json\/wp\/v2\/types\/post"}],"author":[{"embeddable":true,"href":"https:\/\/chacosintesis.com.ar\/index.php\/wp-json\/wp\/v2\/users\/1"}],"replies":[{"embeddable":true,"href":"https:\/\/chacosintesis.com.ar\/index.php\/wp-json\/wp\/v2\/comments?post=23377"}],"version-history":[{"count":0,"href":"https:\/\/chacosintesis.com.ar\/index.php\/wp-json\/wp\/v2\/posts\/23377\/revisions"}],"wp:featuredmedia":[{"embeddable":true,"href":"https:\/\/chacosintesis.com.ar\/index.php\/wp-json\/wp\/v2\/media\/23378"}],"wp:attachment":[{"href":"https:\/\/chacosintesis.com.ar\/index.php\/wp-json\/wp\/v2\/media?parent=23377"}],"wp:term":[{"taxonomy":"category","embeddable":true,"href":"https:\/\/chacosintesis.com.ar\/index.php\/wp-json\/wp\/v2\/categories?post=23377"},{"taxonomy":"post_tag","embeddable":true,"href":"https:\/\/chacosintesis.com.ar\/index.php\/wp-json\/wp\/v2\/tags?post=23377"}],"curies":[{"name":"wp","href":"https:\/\/api.w.org\/{rel}","templated":true}]}}