{"id":23375,"date":"2023-07-06T16:07:13","date_gmt":"2023-07-06T19:07:13","guid":{"rendered":"https:\/\/chacosintesis.com.ar\/?p=23375"},"modified":"2023-07-06T16:37:14","modified_gmt":"2023-07-06T19:37:14","slug":"comunidades-originarias-de-tres-isletas-recibieron-actas-de-adjudicacion-de-tierras","status":"publish","type":"post","link":"https:\/\/chacosintesis.com.ar\/index.php\/comunidades-originarias-de-tres-isletas-recibieron-actas-de-adjudicacion-de-tierras\/","title":{"rendered":"Comunidades originarias de Tres Isletas recibieron actas de adjudicaci\u00f3n de tierras"},"content":{"rendered":"<p>A trav\u00e9s de la Direcci\u00f3n de Vialidad Provincial se realiz\u00f3 en la zona la liberaci\u00f3n, trazado y aperturas de las calles para permitir el acceso a la conexi\u00f3n de los servicios de agua y energ\u00eda el\u00e9ctrica y avanzar en los proyectos habitacionales. La ministra de Ambiente y Desarrollo Territorial Sostenible Marta Soneira entreg\u00f3, en Tres Isletas, 119 actas de adjudicaci\u00f3n de la tierra a comunidades originarias de la zona. \u201cSeguimos avanzando en la regularizaci\u00f3n dominial de tierras para las familias chaque\u00f1as y en esta oportunidad reivindicando derechos de los pueblos originarios\u201d, expres\u00f3 la funcionaria provincial, quien estuvo acompa\u00f1ada de la coordinadora territorial de la cartera ambiental Marcela Duarte.<br \/>\nPara ello, en articulaci\u00f3n con la Direcci\u00f3n de Vialidad Provincial (DVP) se realiz\u00f3 en la zona la liberaci\u00f3n, trazado y aperturas de las calles. \u201cEsto permitir\u00e1 a cada una de estas familias acceder a la conexi\u00f3n regular de agua, de energ\u00eda el\u00e9ctrica y construir soluciones habitacionales a trav\u00e9s de los distintos mecanismos y pol\u00edticas del Estado provincial en conjunto con el Municipio\u201d, resalt\u00f3 Soneira.<br \/>\n\u201cTrabajamos para construir una provincia con oportunidades para cada una de las chaque\u00f1as y los chaque\u00f1os\u201d, agreg\u00f3.<\/p>\n","protected":false},"excerpt":{"rendered":"<p>A trav\u00e9s de la Direcci\u00f3n de Vialidad Provincial se realiz\u00f3 en la zona la liberaci\u00f3n, trazado y aperturas de las calles para permitir el acceso a la conexi\u00f3n de los servicios de agua y energ\u00eda el\u00e9ctrica y avanzar en los proyectos habitacionales. La ministra de Ambiente y Desarrollo Territorial Sostenible Marta Soneira entreg\u00f3, en Tres [&hellip;]<\/p>\n","protected":false},"author":1,"featured_media":23376,"comment_status":"closed","ping_status":"closed","sticky":false,"template":"","format":"standard","meta":{"footnotes":""},"categories":[6],"tags":[],"class_list":{"0":"post-23375","1":"post","2":"type-post","3":"status-publish","4":"format-standard","5":"has-post-thumbnail","7":"category-chaco"},"_links":{"self":[{"href":"https:\/\/chacosintesis.com.ar\/index.php\/wp-json\/wp\/v2\/posts\/23375","targetHints":{"allow":["GET"]}}],"collection":[{"href":"https:\/\/chacosintesis.com.ar\/index.php\/wp-json\/wp\/v2\/posts"}],"about":[{"href":"https:\/\/chacosintesis.com.ar\/index.php\/wp-json\/wp\/v2\/types\/post"}],"author":[{"embeddable":true,"href":"https:\/\/chacosintesis.com.ar\/index.php\/wp-json\/wp\/v2\/users\/1"}],"replies":[{"embeddable":true,"href":"https:\/\/chacosintesis.com.ar\/index.php\/wp-json\/wp\/v2\/comments?post=23375"}],"version-history":[{"count":0,"href":"https:\/\/chacosintesis.com.ar\/index.php\/wp-json\/wp\/v2\/posts\/23375\/revisions"}],"wp:featuredmedia":[{"embeddable":true,"href":"https:\/\/chacosintesis.com.ar\/index.php\/wp-json\/wp\/v2\/media\/23376"}],"wp:attachment":[{"href":"https:\/\/chacosintesis.com.ar\/index.php\/wp-json\/wp\/v2\/media?parent=23375"}],"wp:term":[{"taxonomy":"category","embeddable":true,"href":"https:\/\/chacosintesis.com.ar\/index.php\/wp-json\/wp\/v2\/categories?post=23375"},{"taxonomy":"post_tag","embeddable":true,"href":"https:\/\/chacosintesis.com.ar\/index.php\/wp-json\/wp\/v2\/tags?post=23375"}],"curies":[{"name":"wp","href":"https:\/\/api.w.org\/{rel}","templated":true}]}}