{"id":23371,"date":"2023-07-06T16:03:22","date_gmt":"2023-07-06T19:03:22","guid":{"rendered":"https:\/\/chacosintesis.com.ar\/?p=23371"},"modified":"2023-07-06T16:06:50","modified_gmt":"2023-07-06T19:06:50","slug":"en-agosto-se-realizara-el-congreso-de-docentes-secundarios-para-que-las-y-los-estudiantes-aprendan-mas-y-mejor","status":"publish","type":"post","link":"https:\/\/chacosintesis.com.ar\/index.php\/en-agosto-se-realizara-el-congreso-de-docentes-secundarios-para-que-las-y-los-estudiantes-aprendan-mas-y-mejor\/","title":{"rendered":"En agosto se realizar\u00e1 el Congreso de Docentes secundarios para que las y los estudiantes &#8220;aprendan m\u00e1s y mejor&#8221;"},"content":{"rendered":"<p>El Congreso Docente se realizar\u00e1 los d\u00edas 22 y 23 de agosto en Resistencia y S\u00e1enz Pe\u00f1a respectivamente. La inscripci\u00f3n se podr\u00e1 realizar a trav\u00e9s de un formulario online.<br \/>\nH\u00e9ctor Espinoza, director del Nivel Secundario, dialog\u00f3 con Chaco TV sobre el Congreso Provincial del Nivel Secundario \u201cDebates por la escuela secundaria que queremos\u201d, que se realizar\u00e1 los d\u00edas 22 en Resistencia y 23 en S\u00e1enz Pe\u00f1a durante el pr\u00f3ximo mes de agosto. \u201cPensar en un Congreso tiene la l\u00f3gica de una construcci\u00f3n colectiva, colaborativa y participativa donde se propongan transformaciones que necesitamos que se produzcan en el aula\u201d, expres\u00f3.<br \/>\nEn este sentido, Espinoza coment\u00f3 que el principal objetivo de este Congreso Docente es: \u201cConstruir un camino hacia la educaci\u00f3n secundaria que pretendemos para que todos los estudiantes en edad aprendan m\u00e1s y mejor\u201d. Asimismo, expres\u00f3 que en la provincia del Chaco se viene trabajando en este aspecto y que \u201cel Congreso no es el punto de inflexi\u00f3n\u201d.<br \/>\nAsimismo, manifest\u00f3 que se trabajando \u201cpensando en c\u00f3mo va a ser la formaci\u00f3n de los futuros docentes que se van a desempe\u00f1ar en el \u00e1mbito educativo secundario\u201d. En ese sentido, explic\u00f3 que este Congreso es muy importante porque se da en el marco de un nuevo r\u00e9gimen acad\u00e9mico y en un trabajo de acompa\u00f1amiento administrativo y pedag\u00f3gico.<br \/>\nPor otra parte, en relaci\u00f3n a los resultados negativos que denot\u00f3 las \u00faltimas Pruebas Aprender en la provincia, expres\u00f3 la importancia del trabajo en conjunto de todos los sectores implicados. \u201cLas pol\u00edticas p\u00fablicas para que tengan sentido y den resultado en educaci\u00f3n tienen que ser sostenidas a lo largo del tiempo\u201d, manifest\u00f3 Espinoza, al mismo tiempo que a\u00f1adi\u00f3: \u201cEs necesario hacer una revisi\u00f3n integral de los procesos pedag\u00f3gicos que se llevan a cabo. No podemos pensar en hacer las mismas cosas con estudiantes distintos\u201d.<br \/>\nLa inscripci\u00f3n al Congreso Docente se podr\u00e1 realizar de manera online a trav\u00e9s de un formulario que realizar\u00e1 el Ministerio de Educaci\u00f3n del Chaco. Se podr\u00e1n anotar todos las y los docentes interesados, as\u00ed como tambi\u00e9n todo el personal directivo del nivel secundario.<\/p>\n","protected":false},"excerpt":{"rendered":"<p>El Congreso Docente se realizar\u00e1 los d\u00edas 22 y 23 de agosto en Resistencia y S\u00e1enz Pe\u00f1a respectivamente. La inscripci\u00f3n se podr\u00e1 realizar a trav\u00e9s de un formulario online. H\u00e9ctor Espinoza, director del Nivel Secundario, dialog\u00f3 con Chaco TV sobre el Congreso Provincial del Nivel Secundario \u201cDebates por la escuela secundaria que queremos\u201d, que se [&hellip;]<\/p>\n","protected":false},"author":1,"featured_media":23372,"comment_status":"closed","ping_status":"closed","sticky":false,"template":"","format":"standard","meta":{"footnotes":""},"categories":[6],"tags":[],"class_list":{"0":"post-23371","1":"post","2":"type-post","3":"status-publish","4":"format-standard","5":"has-post-thumbnail","7":"category-chaco"},"_links":{"self":[{"href":"https:\/\/chacosintesis.com.ar\/index.php\/wp-json\/wp\/v2\/posts\/23371","targetHints":{"allow":["GET"]}}],"collection":[{"href":"https:\/\/chacosintesis.com.ar\/index.php\/wp-json\/wp\/v2\/posts"}],"about":[{"href":"https:\/\/chacosintesis.com.ar\/index.php\/wp-json\/wp\/v2\/types\/post"}],"author":[{"embeddable":true,"href":"https:\/\/chacosintesis.com.ar\/index.php\/wp-json\/wp\/v2\/users\/1"}],"replies":[{"embeddable":true,"href":"https:\/\/chacosintesis.com.ar\/index.php\/wp-json\/wp\/v2\/comments?post=23371"}],"version-history":[{"count":0,"href":"https:\/\/chacosintesis.com.ar\/index.php\/wp-json\/wp\/v2\/posts\/23371\/revisions"}],"wp:featuredmedia":[{"embeddable":true,"href":"https:\/\/chacosintesis.com.ar\/index.php\/wp-json\/wp\/v2\/media\/23372"}],"wp:attachment":[{"href":"https:\/\/chacosintesis.com.ar\/index.php\/wp-json\/wp\/v2\/media?parent=23371"}],"wp:term":[{"taxonomy":"category","embeddable":true,"href":"https:\/\/chacosintesis.com.ar\/index.php\/wp-json\/wp\/v2\/categories?post=23371"},{"taxonomy":"post_tag","embeddable":true,"href":"https:\/\/chacosintesis.com.ar\/index.php\/wp-json\/wp\/v2\/tags?post=23371"}],"curies":[{"name":"wp","href":"https:\/\/api.w.org\/{rel}","templated":true}]}}